{"id":36129,"date":"2025-12-01T14:53:02","date_gmt":"2025-12-01T14:53:02","guid":{"rendered":"https:\/\/www.citiestotravel.com\/galleria-dellaccademia-in-florenz-lohnt-sich-ein-besuch\/"},"modified":"2025-12-01T15:57:38","modified_gmt":"2025-12-01T15:57:38","slug":"galleria-dell-accademia-florenz-besuch-tipps","status":"publish","type":"post","link":"https:\/\/www.citiestotravel.com\/de\/galleria-dell-accademia-florenz-besuch-tipps\/","title":{"rendered":"Galleria dell\u2019Accademia in Florenz: Lohnt sich ein Besuch?"},"content":{"rendered":"\t\t<div data-elementor-type=\"wp-post\" data-elementor-id=\"36129\" class=\"elementor elementor-36129 elementor-36007\" data-elementor-post-type=\"post\">\n\t\t\t\t<div class=\"elementor-element elementor-element-4537f9d e-flex e-con-boxed e-con e-parent\" data-id=\"4537f9d\" data-element_type=\"container\" data-e-type=\"container\">\n\t\t\t\t\t<div class=\"e-con-inner\">\n\t\t\t\t<div class=\"elementor-element elementor-element-29586ef elementor-widget elementor-widget-text-editor\" data-id=\"29586ef\" data-element_type=\"widget\" data-e-type=\"widget\" data-widget_type=\"text-editor.default\">\n\t\t\t\t<div class=\"elementor-widget-container\">\n\t\t\t\t\t\t\t\t\t<p>Die Galleria dell&#8217;Accademia z\u00e4hlt zu den <a href=\"https:\/\/www.citiestotravel.com\/de\/sehenswurdigkeiten-in-florenz\/\" target=\"_blank\" rel=\"noopener\">beliebtesten Sehensw\u00fcrdigkeiten von Florenz<\/a>. Ein Besuch dieses Kunstmuseums steht daher bei vielen Reisenden ganz oben auf der Liste. In diesem Blogbeitrag erkl\u00e4re ich Ihnen daher genau, was Sie in diesem ber\u00fchmten Museum sehen k\u00f6nnen, wie Sie Ihren Besuch am besten planen und ob sich die Galleria dell&#8217;Accademia letztendlich lohnt.<\/p>\n\t\t\t\t\t\t\t\t<\/div>\n\t\t\t\t<\/div>\n\t\t\t\t\t<\/div>\n\t\t\t\t<\/div>\n\t\t<div class=\"elementor-element elementor-element-3b1d96c e-flex e-con-boxed e-con e-parent\" data-id=\"3b1d96c\" data-element_type=\"container\" data-e-type=\"container\">\n\t\t\t\t\t<div class=\"e-con-inner\">\n\t\t\t\t<div class=\"elementor-element elementor-element-08ec1bc elementor-widget elementor-widget-heading\" data-id=\"08ec1bc\" data-element_type=\"widget\" data-e-type=\"widget\" data-widget_type=\"heading.default\">\n\t\t\t\t<div class=\"elementor-widget-container\">\n\t\t\t\t\t<h2 class=\"elementor-heading-title elementor-size-default\">Die Geschichte der Galleria dell\u2019Accademia<\/h2>\t\t\t\t<\/div>\n\t\t\t\t<\/div>\n\t\t\t\t\t<\/div>\n\t\t\t\t<\/div>\n\t\t<div class=\"elementor-element elementor-element-9b77843 e-flex e-con-boxed e-con e-parent\" data-id=\"9b77843\" data-element_type=\"container\" data-e-type=\"container\">\n\t\t\t\t\t<div class=\"e-con-inner\">\n\t\t\t\t<div class=\"elementor-element elementor-element-3bd64e5 elementor-widget elementor-widget-text-editor\" data-id=\"3bd64e5\" data-element_type=\"widget\" data-e-type=\"widget\" data-widget_type=\"text-editor.default\">\n\t\t\t\t<div class=\"elementor-widget-container\">\n\t\t\t\t\t\t\t\t\t<p>Die Galleria dell\u2019Accademia wurde im 18. Jahrhundert als Ort gegr\u00fcndet, an dem Kunststudenten anhand bestehender Kunstwerke lernen konnten. Da Florenz bereits ein Zentrum f\u00fcr Malerei und Bildhauerei war, wuchs die Sammlung rasch. Sp\u00e4ter kamen bedeutende Skulpturen Michelangelos hinzu, die immer mehr Besucher anzogen. Dieses Wachstum f\u00fchrte schlie\u00dflich dazu, dass sich die Galerie zu einem vollwertigen Kunstmuseum entwickelte. Heute ist die Galleria dell\u2019Accademia eines der ber\u00fchmtesten Museen Italiens und ein absolutes Muss f\u00fcr jeden, der mehr \u00fcber die Renaissance erfahren m\u00f6chte.<\/p>\n\t\t\t\t\t\t\t\t<\/div>\n\t\t\t\t<\/div>\n\t\t\t\t\t<\/div>\n\t\t\t\t<\/div>\n\t\t<div class=\"elementor-element elementor-element-9594732 e-flex e-con-boxed e-con e-parent\" data-id=\"9594732\" data-element_type=\"container\" data-e-type=\"container\">\n\t\t\t\t\t<div class=\"e-con-inner\">\n\t\t\t\t<div class=\"elementor-element elementor-element-8913071 elementor-widget elementor-widget-heading\" data-id=\"8913071\" data-element_type=\"widget\" data-e-type=\"widget\" data-widget_type=\"heading.default\">\n\t\t\t\t<div class=\"elementor-widget-container\">\n\t\t\t\t\t<h2 class=\"elementor-heading-title elementor-size-default\">Wie gro\u00df ist die Galleria dell\u2019Accademia?<\/h2>\t\t\t\t<\/div>\n\t\t\t\t<\/div>\n\t\t\t\t\t<\/div>\n\t\t\t\t<\/div>\n\t\t<div class=\"elementor-element elementor-element-499f7d1 e-flex e-con-boxed e-con e-parent\" data-id=\"499f7d1\" data-element_type=\"container\" data-e-type=\"container\">\n\t\t\t\t\t<div class=\"e-con-inner\">\n\t\t\t\t<div class=\"elementor-element elementor-element-e0499fc elementor-widget elementor-widget-text-editor\" data-id=\"e0499fc\" data-element_type=\"widget\" data-e-type=\"widget\" data-widget_type=\"text-editor.default\">\n\t\t\t\t<div class=\"elementor-widget-container\">\n\t\t\t\t\t\t\t\t\t<p>Obwohl die Galleria dell\u2019Accademia nicht so gro\u00df ist wie einige andere Museen in Florenz, bietet sie dennoch ausreichend Platz f\u00fcr eine beeindruckende Sammlung. Das Museum besteht aus mehreren klar miteinander verbundenen R\u00e4umen. Insgesamt gibt es sieben gro\u00dfe R\u00e4ume, die in zwei Hauptbereiche unterteilt sind.<\/p>\n\t\t\t\t\t\t\t\t<\/div>\n\t\t\t\t<\/div>\n\t\t\t\t\t<\/div>\n\t\t\t\t<\/div>\n\t\t<div class=\"elementor-element elementor-element-bc61a20 e-flex e-con-boxed e-con e-parent\" data-id=\"bc61a20\" data-element_type=\"container\" data-e-type=\"container\">\n\t\t\t\t\t<div class=\"e-con-inner\">\n\t\t\t\t<div class=\"elementor-element elementor-element-fe34fff elementor-widget elementor-widget-heading\" data-id=\"fe34fff\" data-element_type=\"widget\" data-e-type=\"widget\" data-widget_type=\"heading.default\">\n\t\t\t\t<div class=\"elementor-widget-container\">\n\t\t\t\t\t<h2 class=\"elementor-heading-title elementor-size-default\">Die f\u00fcnf wichtigsten Sehensw\u00fcrdigkeiten in der Galleria dell\u2019Accademia<\/h2>\t\t\t\t<\/div>\n\t\t\t\t<\/div>\n\t\t\t\t\t<\/div>\n\t\t\t\t<\/div>\n\t\t<div class=\"elementor-element elementor-element-96e67e8 e-flex e-con-boxed e-con e-parent\" data-id=\"96e67e8\" data-element_type=\"container\" data-e-type=\"container\">\n\t\t\t\t\t<div class=\"e-con-inner\">\n\t\t\t\t<div class=\"elementor-element elementor-element-299b5b2 elementor-widget elementor-widget-text-editor\" data-id=\"299b5b2\" data-element_type=\"widget\" data-e-type=\"widget\" data-widget_type=\"text-editor.default\">\n\t\t\t\t<div class=\"elementor-widget-container\">\n\t\t\t\t\t\t\t\t\t<p>Die Sammlung der Galleria dell\u2019Accademia zieht Besucher aus aller Welt an. Nachfolgend finden Sie die f\u00fcnf meistgesehenen Kunstwerke.<\/p>\n\t\t\t\t\t\t\t\t<\/div>\n\t\t\t\t<\/div>\n\t\t\t\t\t<\/div>\n\t\t\t\t<\/div>\n\t\t<div class=\"elementor-element elementor-element-ad1fe7e e-flex e-con-boxed e-con e-parent\" data-id=\"ad1fe7e\" data-element_type=\"container\" data-e-type=\"container\">\n\t\t\t\t\t<div class=\"e-con-inner\">\n\t\t\t\t<div class=\"elementor-element elementor-element-fa655e4 elementor-widget elementor-widget-heading\" data-id=\"fa655e4\" data-element_type=\"widget\" data-e-type=\"widget\" data-widget_type=\"heading.default\">\n\t\t\t\t<div class=\"elementor-widget-container\">\n\t\t\t\t\t<h3 class=\"elementor-heading-title elementor-size-default\">1. David von Michelangelo<\/h3>\t\t\t\t<\/div>\n\t\t\t\t<\/div>\n\t\t\t\t\t<\/div>\n\t\t\t\t<\/div>\n\t\t<div class=\"elementor-element elementor-element-b3ad46b e-flex e-con-boxed e-con e-parent\" data-id=\"b3ad46b\" data-element_type=\"container\" data-e-type=\"container\">\n\t\t\t\t\t<div class=\"e-con-inner\">\n\t\t\t\t<div class=\"elementor-element elementor-element-7dad956 elementor-widget elementor-widget-image\" data-id=\"7dad956\" data-element_type=\"widget\" data-e-type=\"widget\" data-widget_type=\"image.default\">\n\t\t\t\t<div class=\"elementor-widget-container\">\n\t\t\t\t\t\t\t\t\t\t\t\t\t\t\t<img fetchpriority=\"high\" decoding=\"async\" width=\"1024\" height=\"572\" src=\"https:\/\/i0.wp.com\/www.citiestotravel.com\/wp-content\/uploads\/2025\/12\/David-van-Michelangelo-Galleria-dellAccademia-scaled.webp?fit=1024%2C572&amp;ssl=1\" class=\"attachment-large size-large wp-image-36125\" alt=\"David von Michelangelo-Galleria dell&#039;Accademia\" srcset=\"https:\/\/i0.wp.com\/www.citiestotravel.com\/wp-content\/uploads\/2025\/12\/David-van-Michelangelo-Galleria-dellAccademia-scaled.webp?w=2560&amp;ssl=1 2560w, https:\/\/i0.wp.com\/www.citiestotravel.com\/wp-content\/uploads\/2025\/12\/David-van-Michelangelo-Galleria-dellAccademia-scaled.webp?resize=300%2C168&amp;ssl=1 300w, https:\/\/i0.wp.com\/www.citiestotravel.com\/wp-content\/uploads\/2025\/12\/David-van-Michelangelo-Galleria-dellAccademia-scaled.webp?resize=1024%2C572&amp;ssl=1 1024w, https:\/\/i0.wp.com\/www.citiestotravel.com\/wp-content\/uploads\/2025\/12\/David-van-Michelangelo-Galleria-dellAccademia-scaled.webp?resize=768%2C429&amp;ssl=1 768w, https:\/\/i0.wp.com\/www.citiestotravel.com\/wp-content\/uploads\/2025\/12\/David-van-Michelangelo-Galleria-dellAccademia-scaled.webp?resize=1536%2C859&amp;ssl=1 1536w, https:\/\/i0.wp.com\/www.citiestotravel.com\/wp-content\/uploads\/2025\/12\/David-van-Michelangelo-Galleria-dellAccademia-scaled.webp?resize=2048%2C1145&amp;ssl=1 2048w, https:\/\/i0.wp.com\/www.citiestotravel.com\/wp-content\/uploads\/2025\/12\/David-van-Michelangelo-Galleria-dellAccademia-scaled.webp?w=2280&amp;ssl=1 2280w\" sizes=\"(max-width: 1024px) 100vw, 1024px\" \/>\t\t\t\t\t\t\t\t\t\t\t\t\t\t\t<\/div>\n\t\t\t\t<\/div>\n\t\t\t\t\t<\/div>\n\t\t\t\t<\/div>\n\t\t<div class=\"elementor-element elementor-element-5ed9637 e-flex e-con-boxed e-con e-parent\" data-id=\"5ed9637\" data-element_type=\"container\" data-e-type=\"container\">\n\t\t\t\t\t<div class=\"e-con-inner\">\n\t\t\t\t<div class=\"elementor-element elementor-element-760b806 elementor-widget elementor-widget-text-editor\" data-id=\"760b806\" data-element_type=\"widget\" data-e-type=\"widget\" data-widget_type=\"text-editor.default\">\n\t\t\t\t<div class=\"elementor-widget-container\">\n\t\t\t\t\t\t\t\t\t<p>Diese weltber\u00fchmte Statue ist das bekannteste Werk des Museums. Sie steht zentral in einem hohen Saal und bietet von allen Seiten einen hervorragenden Blick. Die \u00fcber f\u00fcnf Meter hohe Marmorstatue zeigt David in einer ruhigen Pose kurz vor seiner Schlacht. Da Michelangelo jedes Detail mit gr\u00f6\u00dfter Sorgfalt ausarbeitete, sind Muskeln, Sehnen und Gesichtsausdr\u00fccke deutlich erkennbar.<\/p>\n\t\t\t\t\t\t\t\t<\/div>\n\t\t\t\t<\/div>\n\t\t\t\t\t<\/div>\n\t\t\t\t<\/div>\n\t\t<div class=\"elementor-element elementor-element-3545c2a e-flex e-con-boxed e-con e-parent\" data-id=\"3545c2a\" data-element_type=\"container\" data-e-type=\"container\">\n\t\t\t\t\t<div class=\"e-con-inner\">\n\t\t\t\t<div class=\"elementor-element elementor-element-bdd2149 elementor-widget elementor-widget-heading\" data-id=\"bdd2149\" data-element_type=\"widget\" data-e-type=\"widget\" data-widget_type=\"heading.default\">\n\t\t\t\t<div class=\"elementor-widget-container\">\n\t\t\t\t\t<h3 class=\"elementor-heading-title elementor-size-default\">2. Die Gefangenen (I Prigioni)<\/h3>\t\t\t\t<\/div>\n\t\t\t\t<\/div>\n\t\t\t\t\t<\/div>\n\t\t\t\t<\/div>\n\t\t<div class=\"elementor-element elementor-element-97e7f5a e-flex e-con-boxed e-con e-parent\" data-id=\"97e7f5a\" data-element_type=\"container\" data-e-type=\"container\">\n\t\t\t\t\t<div class=\"e-con-inner\">\n\t\t\t\t<div class=\"elementor-element elementor-element-63d7281 elementor-widget elementor-widget-text-editor\" data-id=\"63d7281\" data-element_type=\"widget\" data-e-type=\"widget\" data-widget_type=\"text-editor.default\">\n\t\t\t\t<div class=\"elementor-widget-container\">\n\t\t\t\t\t\t\t\t\t<p>Diese Reihe unvollendeter Skulpturen Michelangelos veranschaulicht eindrucksvoll seine Arbeitsweise. Die Figuren scheinen aus dem Marmor hervorzutreten, als w\u00e4ren sie erst k\u00fcrzlich vom Block gel\u00f6st worden. Da einige Bereiche unfertig belassen wurden, bietet sich ein einzigartiger Einblick in den kreativen Prozess. Diese Skulpturen s\u00e4umen den Korridor, der zu David f\u00fchrt, und lassen den Betrachter Michelangelos Entwicklung Schritt f\u00fcr Schritt nachvollziehen.<\/p>\n\t\t\t\t\t\t\t\t<\/div>\n\t\t\t\t<\/div>\n\t\t\t\t\t<\/div>\n\t\t\t\t<\/div>\n\t\t<div class=\"elementor-element elementor-element-67d1c40 e-flex e-con-boxed e-con e-parent\" data-id=\"67d1c40\" data-element_type=\"container\" data-e-type=\"container\">\n\t\t\t\t\t<div class=\"e-con-inner\">\n\t\t\t\t<div class=\"elementor-element elementor-element-7ac4eef elementor-widget elementor-widget-heading\" data-id=\"7ac4eef\" data-element_type=\"widget\" data-e-type=\"widget\" data-widget_type=\"heading.default\">\n\t\t\t\t<div class=\"elementor-widget-container\">\n\t\t\t\t\t<h3 class=\"elementor-heading-title elementor-size-default\">3. Die Gipsbibliothek<\/h3>\t\t\t\t<\/div>\n\t\t\t\t<\/div>\n\t\t\t\t\t<\/div>\n\t\t\t\t<\/div>\n\t\t<div class=\"elementor-element elementor-element-3a4459d e-flex e-con-boxed e-con e-parent\" data-id=\"3a4459d\" data-element_type=\"container\" data-e-type=\"container\">\n\t\t\t\t\t<div class=\"e-con-inner\">\n\t\t\t\t<div class=\"elementor-element elementor-element-7b07cfe elementor-widget elementor-widget-image\" data-id=\"7b07cfe\" data-element_type=\"widget\" data-e-type=\"widget\" data-widget_type=\"image.default\">\n\t\t\t\t<div class=\"elementor-widget-container\">\n\t\t\t\t\t\t\t\t\t\t\t\t\t\t\t<img decoding=\"async\" width=\"1024\" height=\"572\" src=\"https:\/\/i0.wp.com\/www.citiestotravel.com\/wp-content\/uploads\/2025\/12\/De-Gipsotheek-Galleria-dellAccademia-scaled.webp?fit=1024%2C572&amp;ssl=1\" class=\"attachment-large size-large wp-image-36126\" alt=\"Die Gipsbibliothek-Galleria dell&#039;Accademia\" srcset=\"https:\/\/i0.wp.com\/www.citiestotravel.com\/wp-content\/uploads\/2025\/12\/De-Gipsotheek-Galleria-dellAccademia-scaled.webp?w=2560&amp;ssl=1 2560w, https:\/\/i0.wp.com\/www.citiestotravel.com\/wp-content\/uploads\/2025\/12\/De-Gipsotheek-Galleria-dellAccademia-scaled.webp?resize=300%2C168&amp;ssl=1 300w, https:\/\/i0.wp.com\/www.citiestotravel.com\/wp-content\/uploads\/2025\/12\/De-Gipsotheek-Galleria-dellAccademia-scaled.webp?resize=1024%2C572&amp;ssl=1 1024w, https:\/\/i0.wp.com\/www.citiestotravel.com\/wp-content\/uploads\/2025\/12\/De-Gipsotheek-Galleria-dellAccademia-scaled.webp?resize=768%2C429&amp;ssl=1 768w, https:\/\/i0.wp.com\/www.citiestotravel.com\/wp-content\/uploads\/2025\/12\/De-Gipsotheek-Galleria-dellAccademia-scaled.webp?resize=1536%2C859&amp;ssl=1 1536w, https:\/\/i0.wp.com\/www.citiestotravel.com\/wp-content\/uploads\/2025\/12\/De-Gipsotheek-Galleria-dellAccademia-scaled.webp?resize=2048%2C1145&amp;ssl=1 2048w, https:\/\/i0.wp.com\/www.citiestotravel.com\/wp-content\/uploads\/2025\/12\/De-Gipsotheek-Galleria-dellAccademia-scaled.webp?w=2280&amp;ssl=1 2280w\" sizes=\"(max-width: 1024px) 100vw, 1024px\" \/>\t\t\t\t\t\t\t\t\t\t\t\t\t\t\t<\/div>\n\t\t\t\t<\/div>\n\t\t\t\t\t<\/div>\n\t\t\t\t<\/div>\n\t\t<div class=\"elementor-element elementor-element-3f226c4 e-flex e-con-boxed e-con e-parent\" data-id=\"3f226c4\" data-element_type=\"container\" data-e-type=\"container\">\n\t\t\t\t\t<div class=\"e-con-inner\">\n\t\t\t\t<div class=\"elementor-element elementor-element-0c9adca elementor-widget elementor-widget-text-editor\" data-id=\"0c9adca\" data-element_type=\"widget\" data-e-type=\"widget\" data-widget_type=\"text-editor.default\">\n\t\t\t\t<div class=\"elementor-widget-container\">\n\t\t\t\t\t\t\t\t\t<p>In diesem Raum befindet sich eine gro\u00dfe Sammlung von Gipsmodellen, die einst zur Ausbildung von K\u00fcnstlern dienten. Viele Modelle zeigen bedeutende Pers\u00f6nlichkeiten, mythologische Motive und Studien des menschlichen K\u00f6rpers. Dank der hellen Beleuchtung sind selbst kleinste Details gut erkennbar. Dies vermittelt einen Einblick in die \u00dcbungsmethoden der K\u00fcnstler vor der Anfertigung ihrer Marmorarbeiten.<\/p>\n\t\t\t\t\t\t\t\t<\/div>\n\t\t\t\t<\/div>\n\t\t\t\t\t<\/div>\n\t\t\t\t<\/div>\n\t\t<div class=\"elementor-element elementor-element-7bca217 e-flex e-con-boxed e-con e-parent\" data-id=\"7bca217\" data-element_type=\"container\" data-e-type=\"container\">\n\t\t\t\t\t<div class=\"e-con-inner\">\n\t\t\t\t<div class=\"elementor-element elementor-element-aac378a elementor-widget elementor-widget-heading\" data-id=\"aac378a\" data-element_type=\"widget\" data-e-type=\"widget\" data-widget_type=\"heading.default\">\n\t\t\t\t<div class=\"elementor-widget-container\">\n\t\t\t\t\t<h3 class=\"elementor-heading-title elementor-size-default\">4. Gotische und religi\u00f6se Reliefs<\/h3>\t\t\t\t<\/div>\n\t\t\t\t<\/div>\n\t\t\t\t\t<\/div>\n\t\t\t\t<\/div>\n\t\t<div class=\"elementor-element elementor-element-1aca538 e-flex e-con-boxed e-con e-parent\" data-id=\"1aca538\" data-element_type=\"container\" data-e-type=\"container\">\n\t\t\t\t\t<div class=\"e-con-inner\">\n\t\t\t\t<div class=\"elementor-element elementor-element-29843f1 elementor-widget elementor-widget-text-editor\" data-id=\"29843f1\" data-element_type=\"widget\" data-e-type=\"widget\" data-widget_type=\"text-editor.default\">\n\t\t\t\t<div class=\"elementor-widget-container\">\n\t\t\t\t\t\t\t\t\t<p>Die Galleria dell\u2019Accademia beherbergt zudem eine umfangreiche Sammlung alter Gem\u00e4lde, vorwiegend aus Kirchen und Kl\u00f6stern. Die Tafeln zeigen Heilige, biblische Geschichten und farbenpr\u00e4chtige Verzierungen. Ihre warmen Farben und klaren Formen geben einen Einblick in die Kunst von Florenz vor der Renaissance und verdeutlichen, wie sich Stil und Technik \u00fcber die Jahrhunderte ver\u00e4nderten.<\/p>\n\t\t\t\t\t\t\t\t<\/div>\n\t\t\t\t<\/div>\n\t\t\t\t\t<\/div>\n\t\t\t\t<\/div>\n\t\t<div class=\"elementor-element elementor-element-314e593 e-flex e-con-boxed e-con e-parent\" data-id=\"314e593\" data-element_type=\"container\" data-e-type=\"container\">\n\t\t\t\t\t<div class=\"e-con-inner\">\n\t\t\t\t<div class=\"elementor-element elementor-element-d2e0e45 elementor-widget elementor-widget-heading\" data-id=\"d2e0e45\" data-element_type=\"widget\" data-e-type=\"widget\" data-widget_type=\"heading.default\">\n\t\t\t\t<div class=\"elementor-widget-container\">\n\t\t\t\t\t<h3 class=\"elementor-heading-title elementor-size-default\">5. Instrumentenmuseum<\/h3>\t\t\t\t<\/div>\n\t\t\t\t<\/div>\n\t\t\t\t\t<\/div>\n\t\t\t\t<\/div>\n\t\t<div class=\"elementor-element elementor-element-5cc8375 e-flex e-con-boxed e-con e-parent\" data-id=\"5cc8375\" data-element_type=\"container\" data-e-type=\"container\">\n\t\t\t\t\t<div class=\"e-con-inner\">\n\t\t\t\t<div class=\"elementor-element elementor-element-7181aec elementor-widget elementor-widget-image\" data-id=\"7181aec\" data-element_type=\"widget\" data-e-type=\"widget\" data-widget_type=\"image.default\">\n\t\t\t\t<div class=\"elementor-widget-container\">\n\t\t\t\t\t\t\t\t\t\t\t\t\t\t\t<img decoding=\"async\" width=\"1024\" height=\"572\" src=\"https:\/\/i0.wp.com\/www.citiestotravel.com\/wp-content\/uploads\/2025\/12\/Instrumentenmuseum-Galleria-dellAccademia-scaled.webp?fit=1024%2C572&amp;ssl=1\" class=\"attachment-large size-large wp-image-36127\" alt=\"Instrumentenmuseum-Galleria dell\u2019Accademia\" srcset=\"https:\/\/i0.wp.com\/www.citiestotravel.com\/wp-content\/uploads\/2025\/12\/Instrumentenmuseum-Galleria-dellAccademia-scaled.webp?w=2560&amp;ssl=1 2560w, https:\/\/i0.wp.com\/www.citiestotravel.com\/wp-content\/uploads\/2025\/12\/Instrumentenmuseum-Galleria-dellAccademia-scaled.webp?resize=300%2C168&amp;ssl=1 300w, https:\/\/i0.wp.com\/www.citiestotravel.com\/wp-content\/uploads\/2025\/12\/Instrumentenmuseum-Galleria-dellAccademia-scaled.webp?resize=1024%2C572&amp;ssl=1 1024w, https:\/\/i0.wp.com\/www.citiestotravel.com\/wp-content\/uploads\/2025\/12\/Instrumentenmuseum-Galleria-dellAccademia-scaled.webp?resize=768%2C429&amp;ssl=1 768w, https:\/\/i0.wp.com\/www.citiestotravel.com\/wp-content\/uploads\/2025\/12\/Instrumentenmuseum-Galleria-dellAccademia-scaled.webp?resize=1536%2C859&amp;ssl=1 1536w, https:\/\/i0.wp.com\/www.citiestotravel.com\/wp-content\/uploads\/2025\/12\/Instrumentenmuseum-Galleria-dellAccademia-scaled.webp?resize=2048%2C1145&amp;ssl=1 2048w, https:\/\/i0.wp.com\/www.citiestotravel.com\/wp-content\/uploads\/2025\/12\/Instrumentenmuseum-Galleria-dellAccademia-scaled.webp?w=2280&amp;ssl=1 2280w\" sizes=\"(max-width: 1024px) 100vw, 1024px\" \/>\t\t\t\t\t\t\t\t\t\t\t\t\t\t\t<\/div>\n\t\t\t\t<\/div>\n\t\t\t\t\t<\/div>\n\t\t\t\t<\/div>\n\t\t<div class=\"elementor-element elementor-element-c0a8ad3 e-flex e-con-boxed e-con e-parent\" data-id=\"c0a8ad3\" data-element_type=\"container\" data-e-type=\"container\">\n\t\t\t\t\t<div class=\"e-con-inner\">\n\t\t\t\t<div class=\"elementor-element elementor-element-a82f2e4 elementor-widget elementor-widget-text-editor\" data-id=\"a82f2e4\" data-element_type=\"widget\" data-e-type=\"widget\" data-widget_type=\"text-editor.default\">\n\t\t\t\t<div class=\"elementor-widget-container\">\n\t\t\t\t\t\t\t\t\t<p>In einem separaten Raum finden Sie antike Musikinstrumente, die am Hof \u200b\u200bder Medici verwendet wurden. Darunter befinden sich Streichinstrumente, alte Geigen und einige ungew\u00f6hnliche Saiteninstrumente. Da viele der Objekte so gut erhalten sind, erhalten Sie einen lebendigen Eindruck von der Musik vergangener Zeiten. Dieser Raum ist daher eine \u00fcberraschende Bereicherung des Museums.<\/p>\n\t\t\t\t\t\t\t\t<\/div>\n\t\t\t\t<\/div>\n\t\t\t\t\t<\/div>\n\t\t\t\t<\/div>\n\t\t<div class=\"elementor-element elementor-element-de0ef20 e-flex e-con-boxed e-con e-parent\" data-id=\"de0ef20\" data-element_type=\"container\" data-e-type=\"container\">\n\t\t\t\t\t<div class=\"e-con-inner\">\n\t\t\t\t<div class=\"elementor-element elementor-element-587ed37 elementor-widget elementor-widget-heading\" data-id=\"587ed37\" data-element_type=\"widget\" data-e-type=\"widget\" data-widget_type=\"heading.default\">\n\t\t\t\t<div class=\"elementor-widget-container\">\n\t\t\t\t\t<h2 class=\"elementor-heading-title elementor-size-default\">Wie lange dauert ein Besuch der Galleria dell\u2019Accademia?<\/h2>\t\t\t\t<\/div>\n\t\t\t\t<\/div>\n\t\t\t\t\t<\/div>\n\t\t\t\t<\/div>\n\t\t<div class=\"elementor-element elementor-element-d597d09 e-flex e-con-boxed e-con e-parent\" data-id=\"d597d09\" data-element_type=\"container\" data-e-type=\"container\">\n\t\t\t\t\t<div class=\"e-con-inner\">\n\t\t\t\t<div class=\"elementor-element elementor-element-a682cd6 elementor-widget elementor-widget-text-editor\" data-id=\"a682cd6\" data-element_type=\"widget\" data-e-type=\"widget\" data-widget_type=\"text-editor.default\">\n\t\t\t\t<div class=\"elementor-widget-container\">\n\t\t\t\t\t\t\t\t\t<p>Ein durchschnittlicher Besuch der Galleria dell\u2019Accademia dauert etwa anderthalb Stunden. Da das Museum gut organisiert ist, k\u00f6nnen Sie alle R\u00e4ume in Ruhe erkunden. Wenn Sie die Details von Michelangelos Skulpturen genauer betrachten m\u00f6chten, k\u00f6nnen Sie sich nat\u00fcrlich etwas mehr Zeit nehmen.<\/p>\n\t\t\t\t\t\t\t\t<\/div>\n\t\t\t\t<\/div>\n\t\t\t\t\t<\/div>\n\t\t\t\t<\/div>\n\t\t<div class=\"elementor-element elementor-element-c7efd43 e-flex e-con-boxed e-con e-parent\" data-id=\"c7efd43\" data-element_type=\"container\" data-e-type=\"container\">\n\t\t\t\t\t<div class=\"e-con-inner\">\n\t\t\t\t<div class=\"elementor-element elementor-element-1d62555 elementor-widget elementor-widget-heading\" data-id=\"1d62555\" data-element_type=\"widget\" data-e-type=\"widget\" data-widget_type=\"heading.default\">\n\t\t\t\t<div class=\"elementor-widget-container\">\n\t\t\t\t\t<h2 class=\"elementor-heading-title elementor-size-default\">Ist es besser, die Galleria dell\u2019Accademia am Vormittag oder am Nachmittag zu besuchen?<\/h2>\t\t\t\t<\/div>\n\t\t\t\t<\/div>\n\t\t\t\t\t<\/div>\n\t\t\t\t<\/div>\n\t\t<div class=\"elementor-element elementor-element-aa7455c e-flex e-con-boxed e-con e-parent\" data-id=\"aa7455c\" data-element_type=\"container\" data-e-type=\"container\">\n\t\t\t\t\t<div class=\"e-con-inner\">\n\t\t\t\t<div class=\"elementor-element elementor-element-76e4f31 elementor-widget elementor-widget-text-editor\" data-id=\"76e4f31\" data-element_type=\"widget\" data-e-type=\"widget\" data-widget_type=\"text-editor.default\">\n\t\t\t\t<div class=\"elementor-widget-container\">\n\t\t\t\t\t\t\t\t\t<p>Ein Besuch am fr\u00fchen Morgen ist in der Regel ruhiger. Da im Laufe des Tages mehr Besucher eintreffen, kann es nachmittags voller werden. Daher empfiehlt es sich, den Besuch gleich nach der \u00d6ffnung des Museums zu planen. So haben Sie mehr Zeit, die Skulpturen in Ruhe zu betrachten.<\/p>\n\t\t\t\t\t\t\t\t<\/div>\n\t\t\t\t<\/div>\n\t\t\t\t\t<\/div>\n\t\t\t\t<\/div>\n\t\t<div class=\"elementor-element elementor-element-e61e1ab e-flex e-con-boxed e-con e-parent\" data-id=\"e61e1ab\" data-element_type=\"container\" data-e-type=\"container\">\n\t\t\t\t\t<div class=\"e-con-inner\">\n\t\t\t\t<div class=\"elementor-element elementor-element-eaa0862 elementor-widget elementor-widget-heading\" data-id=\"eaa0862\" data-element_type=\"widget\" data-e-type=\"widget\" data-widget_type=\"heading.default\">\n\t\t\t\t<div class=\"elementor-widget-container\">\n\t\t\t\t\t<h2 class=\"elementor-heading-title elementor-size-default\">Wo kann man am besten Tickets f\u00fcr die Galleria dell\u2019Accademia kaufen?<\/h2>\t\t\t\t<\/div>\n\t\t\t\t<\/div>\n\t\t\t\t\t<\/div>\n\t\t\t\t<\/div>\n\t\t<div class=\"elementor-element elementor-element-b1d4f02 e-flex e-con-boxed e-con e-parent\" data-id=\"b1d4f02\" data-element_type=\"container\" data-e-type=\"container\">\n\t\t\t\t\t<div class=\"e-con-inner\">\n\t\t\t\t<div class=\"elementor-element elementor-element-bf14b68 elementor-widget elementor-widget-text-editor\" data-id=\"bf14b68\" data-element_type=\"widget\" data-e-type=\"widget\" data-widget_type=\"text-editor.default\">\n\t\t\t\t<div class=\"elementor-widget-container\">\n\t\t\t\t\t\t\t\t\t<p>Es empfiehlt sich, die Tickets im Voraus online zu buchen. So vermeiden Sie Warteschlangen am Eingang und erhalten garantiert Einlass zur gew\u00fcnschten Zeit. Da das Museum sehr beliebt ist, sind Online-Tickets oft schneller verf\u00fcgbar als an der Kasse.<\/p>\n\t\t\t\t\t\t\t\t<\/div>\n\t\t\t\t<\/div>\n\t\t\t\t\t<\/div>\n\t\t\t\t<\/div>\n\t\t<div class=\"elementor-element elementor-element-f29221b e-flex e-con-boxed e-con e-parent\" data-id=\"f29221b\" data-element_type=\"container\" data-e-type=\"container\">\n\t\t\t\t\t<div class=\"e-con-inner\">\n\t\t\t\t<div class=\"elementor-element elementor-element-6d8b821 elementor-widget elementor-widget-button\" data-id=\"6d8b821\" data-element_type=\"widget\" data-e-type=\"widget\" data-widget_type=\"button.default\">\n\t\t\t\t<div class=\"elementor-widget-container\">\n\t\t\t\t\t\t\t\t\t<div class=\"elementor-button-wrapper\">\n\t\t\t\t\t<a class=\"elementor-button elementor-button-link elementor-size-sm\" href=\"https:\/\/www.getyourguide.com\/florence-l32\/florence-michelangelo-s-david-skip-the-line-entry-ticket-t453159\/?partner_id=9MML7BM&#038;utm_medium=online_publisher\" target=\"_blank\">\n\t\t\t\t\t\t<span class=\"elementor-button-content-wrapper\">\n\t\t\t\t\t\t\t\t\t<span class=\"elementor-button-text\">Bestellen Sie hier Ihre Tickets f\u00fcr die Galleria dell'Accademia.<\/span>\n\t\t\t\t\t<\/span>\n\t\t\t\t\t<\/a>\n\t\t\t\t<\/div>\n\t\t\t\t\t\t\t\t<\/div>\n\t\t\t\t<\/div>\n\t\t\t\t\t<\/div>\n\t\t\t\t<\/div>\n\t\t<div class=\"elementor-element elementor-element-7efad84 e-flex e-con-boxed e-con e-parent\" data-id=\"7efad84\" data-element_type=\"container\" data-e-type=\"container\">\n\t\t\t\t\t<div class=\"e-con-inner\">\n\t\t\t\t<div class=\"elementor-element elementor-element-60cae13 elementor-widget elementor-widget-heading\" data-id=\"60cae13\" data-element_type=\"widget\" data-e-type=\"widget\" data-widget_type=\"heading.default\">\n\t\t\t\t<div class=\"elementor-widget-container\">\n\t\t\t\t\t<h2 class=\"elementor-heading-title elementor-size-default\">Wo befindet sich die Galleria dell\u2019Accademia in Florenz?<\/h2>\t\t\t\t<\/div>\n\t\t\t\t<\/div>\n\t\t\t\t\t<\/div>\n\t\t\t\t<\/div>\n\t\t<div class=\"elementor-element elementor-element-1cc005b e-flex e-con-boxed e-con e-parent\" data-id=\"1cc005b\" data-element_type=\"container\" data-e-type=\"container\">\n\t\t\t\t\t<div class=\"e-con-inner\">\n\t\t\t\t<div class=\"elementor-element elementor-element-0ae8116 elementor-widget elementor-widget-text-editor\" data-id=\"0ae8116\" data-element_type=\"widget\" data-e-type=\"widget\" data-widget_type=\"text-editor.default\">\n\t\t\t\t<div class=\"elementor-widget-container\">\n\t\t\t\t\t\t\t\t\t<p>Die Galleria dell\u2019Accademia befindet sich in der Via Ricasoli im Zentrum von Florenz, in der N\u00e4he des Doms und anderer ber\u00fchmter Sehensw\u00fcrdigkeiten.<\/p>\n\t\t\t\t\t\t\t\t<\/div>\n\t\t\t\t<\/div>\n\t\t\t\t\t<\/div>\n\t\t\t\t<\/div>\n\t\t<div class=\"elementor-element elementor-element-209fed5 e-flex e-con-boxed e-con e-parent\" data-id=\"209fed5\" data-element_type=\"container\" data-e-type=\"container\">\n\t\t\t\t\t<div class=\"e-con-inner\">\n\t\t\t\t<div class=\"elementor-element elementor-element-db952af elementor-widget elementor-widget-google_maps\" data-id=\"db952af\" data-element_type=\"widget\" data-e-type=\"widget\" data-widget_type=\"google_maps.default\">\n\t\t\t\t<div class=\"elementor-widget-container\">\n\t\t\t\t\t\t\t<div class=\"elementor-custom-embed\">\n\t\t\t<iframe loading=\"lazy\"\n\t\t\t\t\tsrc=\"https:\/\/maps.google.com\/maps?q=Galleria%20dell%E2%80%99Accademia%20in%20Florence&#038;t=m&#038;z=15&#038;output=embed&#038;iwloc=near\"\n\t\t\t\t\ttitle=\"Galleria dell\u2019Accademia in Florence\"\n\t\t\t\t\taria-label=\"Galleria dell\u2019Accademia in Florence\"\n\t\t\t><\/iframe>\n\t\t<\/div>\n\t\t\t\t\t\t<\/div>\n\t\t\t\t<\/div>\n\t\t\t\t\t<\/div>\n\t\t\t\t<\/div>\n\t\t<div class=\"elementor-element elementor-element-f112aba e-flex e-con-boxed e-con e-parent\" data-id=\"f112aba\" data-element_type=\"container\" data-e-type=\"container\">\n\t\t\t\t\t<div class=\"e-con-inner\">\n\t\t\t\t<div class=\"elementor-element elementor-element-ec46332 elementor-widget elementor-widget-heading\" data-id=\"ec46332\" data-element_type=\"widget\" data-e-type=\"widget\" data-widget_type=\"heading.default\">\n\t\t\t\t<div class=\"elementor-widget-container\">\n\t\t\t\t\t<h2 class=\"elementor-heading-title elementor-size-default\">Wie gelangt man zur Galleria dell\u2019Accademia in Florenz?<\/h2>\t\t\t\t<\/div>\n\t\t\t\t<\/div>\n\t\t\t\t\t<\/div>\n\t\t\t\t<\/div>\n\t\t<div class=\"elementor-element elementor-element-9455dea e-flex e-con-boxed e-con e-parent\" data-id=\"9455dea\" data-element_type=\"container\" data-e-type=\"container\">\n\t\t\t\t\t<div class=\"e-con-inner\">\n\t\t\t\t<div class=\"elementor-element elementor-element-d3ad146 elementor-widget elementor-widget-text-editor\" data-id=\"d3ad146\" data-element_type=\"widget\" data-e-type=\"widget\" data-widget_type=\"text-editor.default\">\n\t\t\t\t<div class=\"elementor-widget-container\">\n\t\t\t\t\t\t\t\t\t<p>Die Galleria dell&#8217;Accademia ist bequem zu Fu\u00df erreichbar, da sie sich im Zentrum von Florenz befindet. Sie liegt an der Via Ricasoli, nur wenige Gehminuten vom Dom (<a title=\"Duomo von Florenz: Ist die Kathedrale einen Besuch wert?\" href=\"https:\/\/www.citiestotravel.com\/de\/duomo-von-florenz-besuchen\/\" target=\"_blank\" rel=\"noopener\">Santa Maria del Fiore<\/a>) und dem Bargello-Museum entfernt. Falls Sie au\u00dferhalb des Stadtzentrums wohnen, k\u00f6nnen Sie auch einen Bus nehmen, der in der N\u00e4he h\u00e4lt.<\/p>\n\t\t\t\t\t\t\t\t<\/div>\n\t\t\t\t<\/div>\n\t\t\t\t\t<\/div>\n\t\t\t\t<\/div>\n\t\t<div class=\"elementor-element elementor-element-46386e6 e-flex e-con-boxed e-con e-parent\" data-id=\"46386e6\" data-element_type=\"container\" data-e-type=\"container\">\n\t\t\t\t\t<div class=\"e-con-inner\">\n\t\t\t\t<div class=\"elementor-element elementor-element-0795049 elementor-widget elementor-widget-heading\" data-id=\"0795049\" data-element_type=\"widget\" data-e-type=\"widget\" data-widget_type=\"heading.default\">\n\t\t\t\t<div class=\"elementor-widget-container\">\n\t\t\t\t\t<h2 class=\"elementor-heading-title elementor-size-default\">\u00d6ffnungszeiten der Galleria dell\u2019Accademia<\/h2>\t\t\t\t<\/div>\n\t\t\t\t<\/div>\n\t\t\t\t\t<\/div>\n\t\t\t\t<\/div>\n\t\t<div class=\"elementor-element elementor-element-62d9a9a e-flex e-con-boxed e-con e-parent\" data-id=\"62d9a9a\" data-element_type=\"container\" data-e-type=\"container\">\n\t\t\t\t\t<div class=\"e-con-inner\">\n\t\t\t\t<div class=\"elementor-element elementor-element-d2a29ed elementor-widget elementor-widget-text-editor\" data-id=\"d2a29ed\" data-element_type=\"widget\" data-e-type=\"widget\" data-widget_type=\"text-editor.default\">\n\t\t\t\t<div class=\"elementor-widget-container\">\n\t\t\t\t\t\t\t\t\t<p>Die Galleria dell&#8217;Accademia ist von Dienstag bis Sonntag, in der Regel von 8:15 Uhr bis 18:50 Uhr, ge\u00f6ffnet. Das Museum ist montags sowie am 1. Januar und 25. Dezember geschlossen.<\/p>\n\t\t\t\t\t\t\t\t<\/div>\n\t\t\t\t<\/div>\n\t\t\t\t\t<\/div>\n\t\t\t\t<\/div>\n\t\t<div class=\"elementor-element elementor-element-7c2d18f e-flex e-con-boxed e-con e-parent\" data-id=\"7c2d18f\" data-element_type=\"container\" data-e-type=\"container\">\n\t\t\t\t\t<div class=\"e-con-inner\">\n\t\t\t\t<div class=\"elementor-element elementor-element-2a134c9 elementor-widget elementor-widget-heading\" data-id=\"2a134c9\" data-element_type=\"widget\" data-e-type=\"widget\" data-widget_type=\"heading.default\">\n\t\t\t\t<div class=\"elementor-widget-container\">\n\t\t\t\t\t<h2 class=\"elementor-heading-title elementor-size-default\">Was ist besser, die Uffizien oder die Accademia?<\/h2>\t\t\t\t<\/div>\n\t\t\t\t<\/div>\n\t\t\t\t\t<\/div>\n\t\t\t\t<\/div>\n\t\t<div class=\"elementor-element elementor-element-17d7369 e-flex e-con-boxed e-con e-parent\" data-id=\"17d7369\" data-element_type=\"container\" data-e-type=\"container\">\n\t\t\t\t\t<div class=\"e-con-inner\">\n\t\t\t\t<div class=\"elementor-element elementor-element-ec433f1 elementor-widget elementor-widget-text-editor\" data-id=\"ec433f1\" data-element_type=\"widget\" data-e-type=\"widget\" data-widget_type=\"text-editor.default\">\n\t\t\t\t<div class=\"elementor-widget-container\">\n\t\t\t\t\t\t\t\t\t<p>Die Wahl zwischen <a title=\"Uffizien-Museum in Florenz: Ist es einen Besuch wert?\" href=\"https:\/\/www.citiestotravel.com\/de\/uffizien-museum-florenz-besuch\/\" target=\"_blank\" rel=\"noopener\">den Uffizien<\/a> und der Galleria dell\u2019Accademia h\u00e4ngt davon ab, was Sie sehen m\u00f6chten. Die Uffizien sind gr\u00f6\u00dfer und beherbergen eine umfangreiche Sammlung von Renaissance-Gem\u00e4lden, darunter Werke von Botticelli und Leonardo da Vinci. Die Galleria dell\u2019Accademia ist kleiner, aber vor allem f\u00fcr Michelangelos David und einige andere hochkar\u00e4tige Skulpturen bekannt.<\/p>\n<p>Wenn Sie eine gro\u00dfe Vielfalt an Kunstwerken sehen m\u00f6chten, w\u00e4hlen Sie die Uffizien. Wenn Sie sich hingegen haupts\u00e4chlich f\u00fcr die ber\u00fchmte David-Statue interessieren, ist die Accademia die bessere Wahl.<\/p>\n\t\t\t\t\t\t\t\t<\/div>\n\t\t\t\t<\/div>\n\t\t\t\t\t<\/div>\n\t\t\t\t<\/div>\n\t\t<div class=\"elementor-element elementor-element-c0bb5ef e-flex e-con-boxed e-con e-parent\" data-id=\"c0bb5ef\" data-element_type=\"container\" data-e-type=\"container\">\n\t\t\t\t\t<div class=\"e-con-inner\">\n\t\t\t\t<div class=\"elementor-element elementor-element-13a0f41 elementor-widget elementor-widget-heading\" data-id=\"13a0f41\" data-element_type=\"widget\" data-e-type=\"widget\" data-widget_type=\"heading.default\">\n\t\t\t\t<div class=\"elementor-widget-container\">\n\t\t\t\t\t<h2 class=\"elementor-heading-title elementor-size-default\">Kann man die Uffizien und die Accademia an einem Tag besichtigen?<\/h2>\t\t\t\t<\/div>\n\t\t\t\t<\/div>\n\t\t\t\t\t<\/div>\n\t\t\t\t<\/div>\n\t\t<div class=\"elementor-element elementor-element-1170f65 e-flex e-con-boxed e-con e-parent\" data-id=\"1170f65\" data-element_type=\"container\" data-e-type=\"container\">\n\t\t\t\t\t<div class=\"e-con-inner\">\n\t\t\t\t<div class=\"elementor-element elementor-element-ad70272 elementor-widget elementor-widget-text-editor\" data-id=\"ad70272\" data-element_type=\"widget\" data-e-type=\"widget\" data-widget_type=\"text-editor.default\">\n\t\t\t\t<div class=\"elementor-widget-container\">\n\t\t\t\t\t\t\t\t\t<p>Ja, man kann die Uffizien und die Galleria dell\u2019Accademia problemlos an einem Tag besuchen. Ich habe das selbst so gemacht. Beide Museen liegen im Zentrum von Florenz und lassen sich daher gut kombinieren. Es empfiehlt sich, im Voraus ein Zeitfenster zu buchen, um Wartezeiten zu vermeiden. Beginnen Sie mit der Galleria dell\u2019Accademia, da sie kleiner ist und man sie schneller erkunden kann. Anschlie\u00dfend k\u00f6nnen Sie sich in Ruhe den Uffizien widmen, wo Sie f\u00fcr die gr\u00f6\u00dfere Sammlung mehr Zeit ben\u00f6tigen.<\/p>\n\t\t\t\t\t\t\t\t<\/div>\n\t\t\t\t<\/div>\n\t\t\t\t\t<\/div>\n\t\t\t\t<\/div>\n\t\t<div class=\"elementor-element elementor-element-7bfa2be e-flex e-con-boxed e-con e-parent\" data-id=\"7bfa2be\" data-element_type=\"container\" data-e-type=\"container\">\n\t\t\t\t\t<div class=\"e-con-inner\">\n\t\t\t\t<div class=\"elementor-element elementor-element-260963f elementor-widget elementor-widget-heading\" data-id=\"260963f\" data-element_type=\"widget\" data-e-type=\"widget\" data-widget_type=\"heading.default\">\n\t\t\t\t<div class=\"elementor-widget-container\">\n\t\t\t\t\t<h2 class=\"elementor-heading-title elementor-size-default\">Lohnt sich ein Besuch der Galleria dell\u2019Accademia in Florenz?<\/h2>\t\t\t\t<\/div>\n\t\t\t\t<\/div>\n\t\t\t\t\t<\/div>\n\t\t\t\t<\/div>\n\t\t<div class=\"elementor-element elementor-element-81ebc62 e-flex e-con-boxed e-con e-parent\" data-id=\"81ebc62\" data-element_type=\"container\" data-e-type=\"container\">\n\t\t\t\t\t<div class=\"e-con-inner\">\n\t\t\t\t<div class=\"elementor-element elementor-element-260c906 elementor-widget elementor-widget-text-editor\" data-id=\"260c906\" data-element_type=\"widget\" data-e-type=\"widget\" data-widget_type=\"text-editor.default\">\n\t\t\t\t<div class=\"elementor-widget-container\">\n\t\t\t\t\t\t\t\t\t<p>Kunstliebhabern sei ein Besuch der Galleria dell&#8217;Accademia w\u00e4rmstens empfohlen. Das kleine Museum beherbergt einzigartige Kunstwerke, allen voran die ber\u00fchmte David-Statue. Wer die Statue fotografieren m\u00f6chte, sollte am besten fr\u00fch morgens kommen. Nachmittags ist es meist voller, sodass weniger Zeit zum Betrachten und Fotografieren bleibt.<\/p>\n\t\t\t\t\t\t\t\t<\/div>\n\t\t\t\t<\/div>\n\t\t\t\t\t<\/div>\n\t\t\t\t<\/div>\n\t\t<div class=\"elementor-element elementor-element-b678016 e-flex e-con-boxed e-con e-parent\" data-id=\"b678016\" data-element_type=\"container\" data-e-type=\"container\">\n\t\t\t\t\t<div class=\"e-con-inner\">\n\t\t\t\t<div class=\"elementor-element elementor-element-083dda3 elementor-widget elementor-widget-author-box\" data-id=\"083dda3\" data-element_type=\"widget\" data-e-type=\"widget\" data-widget_type=\"author-box.default\">\n\t\t\t\t<div class=\"elementor-widget-container\">\n\t\t\t\t\t\t\t<div class=\"elementor-author-box\">\n\t\t\t\t\t\t\t<div  class=\"elementor-author-box__avatar\">\n\t\t\t\t\t<img decoding=\"async\" src=\"https:\/\/i0.wp.com\/www.citiestotravel.com\/wp-content\/uploads\/2025\/10\/Cities-to-travel-Edward.webp?fit=289%2C300&#038;ssl=1\" alt=\"Bild von Edward\" loading=\"lazy\">\n\t\t\t\t<\/div>\n\t\t\t\n\t\t\t<div class=\"elementor-author-box__text\">\n\t\t\t\t\t\t\t\t\t<div >\n\t\t\t\t\t\t<h4 class=\"elementor-author-box__name\">\n\t\t\t\t\t\t\tEdward\t\t\t\t\t\t<\/h4>\n\t\t\t\t\t<\/div>\n\t\t\t\t\n\t\t\t\t\t\t\t\t\t<div class=\"elementor-author-box__bio\">\n\t\t\t\t\t\t<p>Hallo, ich bin Edward, verr\u00fcckt nach St\u00e4dtereisen und allem, was diese Reisen so besonders macht. Auf Cities To travel teile ich meine besten Tipps und Empfehlungen f\u00fcr Ihren n\u00e4chsten St\u00e4dtetrip! <\/p>\n\t\t\t\t\t<\/div>\n\t\t\t\t\n\t\t\t\t\t\t\t\t\t<a class=\"elementor-author-box__button elementor-button elementor-size-xs\" href=\"https:\/\/www.citiestotravel.com\/de\/ueber-uns\/\">\n\t\t\t\t\t\tMehr \u00fcber mich\t\t\t\t\t<\/a>\n\t\t\t\t\t\t\t<\/div>\n\t\t<\/div>\n\t\t\t\t\t\t<\/div>\n\t\t\t\t<\/div>\n\t\t\t\t\t<\/div>\n\t\t\t\t<\/div>\n\t\t<div class=\"elementor-element elementor-element-0a4d4c9 e-flex e-con-boxed e-con e-parent\" data-id=\"0a4d4c9\" data-element_type=\"container\" data-e-type=\"container\">\n\t\t\t\t\t<div class=\"e-con-inner\">\n\t\t\t\t<div class=\"elementor-element elementor-element-fb2d02b elementor-widget elementor-widget-heading\" data-id=\"fb2d02b\" data-element_type=\"widget\" data-e-type=\"widget\" data-widget_type=\"heading.default\">\n\t\t\t\t<div class=\"elementor-widget-container\">\n\t\t\t\t\t<h2 class=\"elementor-heading-title elementor-size-default\">Sonderangebote f\u00fcr eine St\u00e4dtereise nach Florenz<\/h2>\t\t\t\t<\/div>\n\t\t\t\t<\/div>\n\t\t\t\t\t<\/div>\n\t\t\t\t<\/div>\n\t\t<div class=\"elementor-element elementor-element-9384f84 e-flex e-con-boxed e-con e-parent\" data-id=\"9384f84\" data-element_type=\"container\" data-e-type=\"container\">\n\t\t\t\t\t<div class=\"e-con-inner\">\n\t\t\t\t<div class=\"elementor-element elementor-element-f459585 elementor-widget elementor-widget-text-editor\" data-id=\"f459585\" data-element_type=\"widget\" data-e-type=\"widget\" data-widget_type=\"text-editor.default\">\n\t\t\t\t<div class=\"elementor-widget-container\">\n\t\t\t\t\t\t\t\t\t<p>Planen Sie eine St\u00e4dtereise nach Florenz und m\u00f6chten Sie einige Sehensw\u00fcrdigkeiten besichtigen? Dann nutzen Sie die folgenden Angebote!<\/p>\n\t\t\t\t\t\t\t\t<\/div>\n\t\t\t\t<\/div>\n\t\t\t\t\t<\/div>\n\t\t\t\t<\/div>\n\t\t<div class=\"elementor-element elementor-element-1840de1 e-flex e-con-boxed e-con e-parent\" data-id=\"1840de1\" data-element_type=\"container\" data-e-type=\"container\">\n\t\t\t\t\t<div class=\"e-con-inner\">\n\t\t\t\t<div class=\"elementor-element elementor-element-efc9cc1 elementor-widget elementor-widget-shortcode\" data-id=\"efc9cc1\" data-element_type=\"widget\" data-e-type=\"widget\" data-widget_type=\"shortcode.default\">\n\t\t\t\t<div class=\"elementor-widget-container\">\n\t\t\t\t\t\t\t<div class=\"elementor-shortcode\"><div data-gyg-href=\"https:\/\/widget.getyourguide.com\/default\/activities.frame\" data-gyg-locale-code=\"de-DE\" data-gyg-widget=\"activities\" data-gyg-number-of-items=\"3\" data-gyg-partner-id=\"9MML7BM\" data-gyg-tour-ids=\"453159,346391,638304\"><span>Powered by <a target=\"_blank\" rel=\"sponsored\" href=\"https:\/\/www.getyourguide.com\/florence-l32\/\">GetYourGuide<\/a><\/span><\/div><\/div>\n\t\t\t\t\t\t<\/div>\n\t\t\t\t<\/div>\n\t\t\t\t\t<\/div>\n\t\t\t\t<\/div>\n\t\t\t\t<\/div>\n\t\t","protected":false},"excerpt":{"rendered":"<p>Die Galleria dell&#8217;Accademia z\u00e4hlt zu den beliebtesten Sehensw\u00fcrdigkeiten von Florenz. Ein Besuch dieses Kunstmuseums steht daher bei vielen Reisenden ganz oben auf der Liste. In diesem Blogbeitrag erkl\u00e4re ich Ihnen daher genau, was Sie in diesem ber\u00fchmten Museum sehen k\u00f6nnen, wie Sie Ihren Besuch am besten planen und ob sich die Galleria dell&#8217;Accademia letztendlich lohnt. [&hellip;]<\/p>\n","protected":false},"author":1,"featured_media":36128,"comment_status":"closed","ping_status":"closed","sticky":false,"template":"","format":"standard","meta":{"footnotes":""},"categories":[178],"tags":[],"class_list":["post-36129","post","type-post","status-publish","format-standard","has-post-thumbnail","hentry","category-florence"],"aioseo_notices":[],"_links":{"self":[{"href":"https:\/\/www.citiestotravel.com\/de\/wp-json\/wp\/v2\/posts\/36129","targetHints":{"allow":["GET"]}}],"collection":[{"href":"https:\/\/www.citiestotravel.com\/de\/wp-json\/wp\/v2\/posts"}],"about":[{"href":"https:\/\/www.citiestotravel.com\/de\/wp-json\/wp\/v2\/types\/post"}],"author":[{"embeddable":true,"href":"https:\/\/www.citiestotravel.com\/de\/wp-json\/wp\/v2\/users\/1"}],"replies":[{"embeddable":true,"href":"https:\/\/www.citiestotravel.com\/de\/wp-json\/wp\/v2\/comments?post=36129"}],"version-history":[{"count":0,"href":"https:\/\/www.citiestotravel.com\/de\/wp-json\/wp\/v2\/posts\/36129\/revisions"}],"wp:featuredmedia":[{"embeddable":true,"href":"https:\/\/www.citiestotravel.com\/de\/wp-json\/wp\/v2\/media\/36128"}],"wp:attachment":[{"href":"https:\/\/www.citiestotravel.com\/de\/wp-json\/wp\/v2\/media?parent=36129"}],"wp:term":[{"taxonomy":"category","embeddable":true,"href":"https:\/\/www.citiestotravel.com\/de\/wp-json\/wp\/v2\/categories?post=36129"},{"taxonomy":"post_tag","embeddable":true,"href":"https:\/\/www.citiestotravel.com\/de\/wp-json\/wp\/v2\/tags?post=36129"}],"curies":[{"name":"wp","href":"https:\/\/api.w.org\/{rel}","templated":true}]}}