{"id":43605,"date":"2026-04-27T17:44:32","date_gmt":"2026-04-27T17:44:32","guid":{"rendered":"https:\/\/www.citiestotravel.com\/anne-frank-museum-lohnt-sich-ein-besuch\/"},"modified":"2026-04-27T19:20:05","modified_gmt":"2026-04-27T19:20:05","slug":"anne-frank-museum-amsterdam-ist-es-einen-besuch-wert","status":"publish","type":"post","link":"https:\/\/www.citiestotravel.com\/de\/anne-frank-museum-amsterdam-ist-es-einen-besuch-wert\/","title":{"rendered":"Anne Frank Museum: Lohnt sich ein Besuch?"},"content":{"rendered":"\t\t<div data-elementor-type=\"wp-post\" data-elementor-id=\"43605\" class=\"elementor elementor-43605 elementor-43481\" data-elementor-post-type=\"post\">\n\t\t\t\t<div class=\"elementor-element elementor-element-8bcf8fa e-flex e-con-boxed e-con e-parent\" data-id=\"8bcf8fa\" data-element_type=\"container\" data-e-type=\"container\">\n\t\t\t\t\t<div class=\"e-con-inner\">\n\t\t\t\t<div class=\"elementor-element elementor-element-d1010b7 elementor-widget elementor-widget-text-editor\" data-id=\"d1010b7\" data-element_type=\"widget\" data-e-type=\"widget\" data-widget_type=\"text-editor.default\">\n\t\t\t\t<div class=\"elementor-widget-container\">\n\t\t\t\t\t\t\t\t\t<p>Das Anne-Frank-Haus, oft als Anne-Frank-Museum bezeichnet, ist ein beeindruckendes Museum in Amsterdam. Hier erh\u00e4ltst du einen pers\u00f6nlichen Einblick in das Leben von Anne Frank und ihrer Familie w\u00e4hrend des Zweiten Weltkriegs. Gleichzeitig zeigt das Museum die Folgen der Judenverfolgung, des Antisemitismus und des Lebens im Versteck.<\/p>\n<p>In diesem Blog nehme ich dich Schritt f\u00fcr Schritt mit. Du liest, was dich erwartet, welche Tickets und F\u00fchrungen es gibt und wann du am besten gehen solltest. Au\u00dferdem teile ich meine eigene Erfahrung, sodass du selbst entscheiden kannst, ob sich ein Besuch im Anne-Frank-Museum lohnt.<\/p>\n\t\t\t\t\t\t\t\t<\/div>\n\t\t\t\t<\/div>\n\t\t\t\t\t<\/div>\n\t\t\t\t<\/div>\n\t\t<div class=\"elementor-element elementor-element-02b5123 e-flex e-con-boxed e-con e-parent\" data-id=\"02b5123\" data-element_type=\"container\" data-e-type=\"container\">\n\t\t\t\t\t<div class=\"e-con-inner\">\n\t\t\t\t<div class=\"elementor-element elementor-element-551799c elementor-widget elementor-widget-heading\" data-id=\"551799c\" data-element_type=\"widget\" data-e-type=\"widget\" data-widget_type=\"heading.default\">\n\t\t\t\t<div class=\"elementor-widget-container\">\n\t\t\t\t\t<h2 class=\"elementor-heading-title elementor-size-default\">Lohnt sich ein Besuch im Anne-Frank-Museum?<\/h2>\t\t\t\t<\/div>\n\t\t\t\t<\/div>\n\t\t\t\t\t<\/div>\n\t\t\t\t<\/div>\n\t\t<div class=\"elementor-element elementor-element-dbfac02 e-flex e-con-boxed e-con e-parent\" data-id=\"dbfac02\" data-element_type=\"container\" data-e-type=\"container\">\n\t\t\t\t\t<div class=\"e-con-inner\">\n\t\t\t\t<div class=\"elementor-element elementor-element-d2b1f9d elementor-widget elementor-widget-image\" data-id=\"d2b1f9d\" data-element_type=\"widget\" data-e-type=\"widget\" data-widget_type=\"image.default\">\n\t\t\t\t<div class=\"elementor-widget-container\">\n\t\t\t\t\t\t\t\t\t\t\t\t\t\t\t<img fetchpriority=\"high\" decoding=\"async\" width=\"1024\" height=\"572\" src=\"https:\/\/i0.wp.com\/www.citiestotravel.com\/wp-content\/uploads\/2026\/04\/Anne-Frank-huis-in-Amsterdam-scaled.webp?fit=1024%2C572&amp;ssl=1\" class=\"attachment-large size-large wp-image-43596\" alt=\"Anne-Frank Haus in Amsterdam\" srcset=\"https:\/\/i0.wp.com\/www.citiestotravel.com\/wp-content\/uploads\/2026\/04\/Anne-Frank-huis-in-Amsterdam-scaled.webp?w=2560&amp;ssl=1 2560w, https:\/\/i0.wp.com\/www.citiestotravel.com\/wp-content\/uploads\/2026\/04\/Anne-Frank-huis-in-Amsterdam-scaled.webp?resize=300%2C168&amp;ssl=1 300w, https:\/\/i0.wp.com\/www.citiestotravel.com\/wp-content\/uploads\/2026\/04\/Anne-Frank-huis-in-Amsterdam-scaled.webp?resize=1024%2C572&amp;ssl=1 1024w, https:\/\/i0.wp.com\/www.citiestotravel.com\/wp-content\/uploads\/2026\/04\/Anne-Frank-huis-in-Amsterdam-scaled.webp?resize=768%2C429&amp;ssl=1 768w, https:\/\/i0.wp.com\/www.citiestotravel.com\/wp-content\/uploads\/2026\/04\/Anne-Frank-huis-in-Amsterdam-scaled.webp?resize=1536%2C859&amp;ssl=1 1536w, https:\/\/i0.wp.com\/www.citiestotravel.com\/wp-content\/uploads\/2026\/04\/Anne-Frank-huis-in-Amsterdam-scaled.webp?resize=2048%2C1145&amp;ssl=1 2048w, https:\/\/i0.wp.com\/www.citiestotravel.com\/wp-content\/uploads\/2026\/04\/Anne-Frank-huis-in-Amsterdam-scaled.webp?w=2280&amp;ssl=1 2280w\" sizes=\"(max-width: 1024px) 100vw, 1024px\" \/>\t\t\t\t\t\t\t\t\t\t\t\t\t\t\t<\/div>\n\t\t\t\t<\/div>\n\t\t\t\t\t<\/div>\n\t\t\t\t<\/div>\n\t\t<div class=\"elementor-element elementor-element-18ae289 e-flex e-con-boxed e-con e-parent\" data-id=\"18ae289\" data-element_type=\"container\" data-e-type=\"container\">\n\t\t\t\t\t<div class=\"e-con-inner\">\n\t\t\t\t<div class=\"elementor-element elementor-element-ea31e01 elementor-widget elementor-widget-text-editor\" data-id=\"ea31e01\" data-element_type=\"widget\" data-e-type=\"widget\" data-widget_type=\"text-editor.default\">\n\t\t\t\t<div class=\"elementor-widget-container\">\n\t\t\t\t\t\t\t\t\t<p>Da ich selbst in den Niederlanden lebe, mache ich regelm\u00e4\u00dfig einen <a href=\"https:\/\/www.citiestotravel.com\/de\/amsterdam-besichtigen-die-besten-reisetipps-fuer-amsterdam\/\" target=\"_blank\" rel=\"noopener\">St\u00e4dtetrip nach Amsterdam<\/a>. W\u00e4hrend dieser Besuche war ich auch mehrmals im Anne-Frank-Haus.<\/p>\n<p>Was diesen Ort besonders macht, ist, dass es \u2013 genau wie das Louis Armstrong House Museum, das Rembrandthaus und Shakespeare\u2019s Birthplace \u2013 ein ehemaliges Wohnhaus ist, das in ein Museum umgewandelt wurde. Dennoch f\u00fchlt sich das Anne-Frank-Museum f\u00fcr mich anders an. W\u00e4hrend sich diese Museen vor allem um das Leben und Werk der Person drehen, geht es hier um eine eindringliche Geschichte, die sich genau an diesem Ort abgespielt hat.<\/p>\n<p>W\u00e4hrend deines Besuchs gehst du durch verschiedene Teile des Hauses, darunter die Zimmer, in denen Anne Frank ihr Tagebuch schrieb. Das Hinterhaus, das geheime Versteck, ist erhalten geblieben und vermittelt ein realistisches und beeindruckendes Bild davon, wie die Familie Frank w\u00e4hrend des Zweiten Weltkriegs lebte.<\/p>\n<p>Ein Besuch im Anne-Frank-Museum ist f\u00fcr mich mehr als nur ein Museumsbesuch. Es ist eine Erfahrung, die dich in ein wichtiges St\u00fcck Geschichte mitnimmt und dich \u00fcber Freiheit, Toleranz und Menschlichkeit nachdenken l\u00e4sst.<\/p>\n<p>Ob es sich f\u00fcr dich lohnt, h\u00e4ngt von deinen Interessen ab. M\u00f6chtest du mehr \u00fcber den Zweiten Weltkrieg, den Holocaust und das Leben im Versteck erfahren, dann ist dieses Museum auf jeden Fall einen Besuch w\u00e4hrend deines St\u00e4dtetrips nach Amsterdam wert.<\/p>\n\t\t\t\t\t\t\t\t<\/div>\n\t\t\t\t<\/div>\n\t\t\t\t\t<\/div>\n\t\t\t\t<\/div>\n\t\t<div class=\"elementor-element elementor-element-6bd7437 e-flex e-con-boxed e-con e-parent\" data-id=\"6bd7437\" data-element_type=\"container\" data-e-type=\"container\">\n\t\t\t\t\t<div class=\"e-con-inner\">\n\t\t\t\t<div class=\"elementor-element elementor-element-b7ad2f6 elementor-widget elementor-widget-heading\" data-id=\"b7ad2f6\" data-element_type=\"widget\" data-e-type=\"widget\" data-widget_type=\"heading.default\">\n\t\t\t\t<div class=\"elementor-widget-container\">\n\t\t\t\t\t<h2 class=\"elementor-heading-title elementor-size-default\">Was kannst du von einem Besuch im Anne-Frank-Museum erwarten?<\/h2>\t\t\t\t<\/div>\n\t\t\t\t<\/div>\n\t\t\t\t\t<\/div>\n\t\t\t\t<\/div>\n\t\t<div class=\"elementor-element elementor-element-3e46911 e-flex e-con-boxed e-con e-parent\" data-id=\"3e46911\" data-element_type=\"container\" data-e-type=\"container\">\n\t\t\t\t\t<div class=\"e-con-inner\">\n\t\t\t\t<div class=\"elementor-element elementor-element-03545cc elementor-widget elementor-widget-image\" data-id=\"03545cc\" data-element_type=\"widget\" data-e-type=\"widget\" data-widget_type=\"image.default\">\n\t\t\t\t<div class=\"elementor-widget-container\">\n\t\t\t\t\t\t\t\t\t\t\t\t\t\t\t<img decoding=\"async\" width=\"1024\" height=\"572\" src=\"https:\/\/i0.wp.com\/www.citiestotravel.com\/wp-content\/uploads\/2026\/04\/Anne-Frank-museum-amsterdam-scaled.webp?fit=1024%2C572&amp;ssl=1\" class=\"attachment-large size-large wp-image-43597\" alt=\"Anne Frank Museum Amsterdam\" srcset=\"https:\/\/i0.wp.com\/www.citiestotravel.com\/wp-content\/uploads\/2026\/04\/Anne-Frank-museum-amsterdam-scaled.webp?w=2560&amp;ssl=1 2560w, https:\/\/i0.wp.com\/www.citiestotravel.com\/wp-content\/uploads\/2026\/04\/Anne-Frank-museum-amsterdam-scaled.webp?resize=300%2C168&amp;ssl=1 300w, https:\/\/i0.wp.com\/www.citiestotravel.com\/wp-content\/uploads\/2026\/04\/Anne-Frank-museum-amsterdam-scaled.webp?resize=1024%2C572&amp;ssl=1 1024w, https:\/\/i0.wp.com\/www.citiestotravel.com\/wp-content\/uploads\/2026\/04\/Anne-Frank-museum-amsterdam-scaled.webp?resize=768%2C429&amp;ssl=1 768w, https:\/\/i0.wp.com\/www.citiestotravel.com\/wp-content\/uploads\/2026\/04\/Anne-Frank-museum-amsterdam-scaled.webp?resize=1536%2C859&amp;ssl=1 1536w, https:\/\/i0.wp.com\/www.citiestotravel.com\/wp-content\/uploads\/2026\/04\/Anne-Frank-museum-amsterdam-scaled.webp?resize=2048%2C1145&amp;ssl=1 2048w, https:\/\/i0.wp.com\/www.citiestotravel.com\/wp-content\/uploads\/2026\/04\/Anne-Frank-museum-amsterdam-scaled.webp?w=2280&amp;ssl=1 2280w\" sizes=\"(max-width: 1024px) 100vw, 1024px\" \/>\t\t\t\t\t\t\t\t\t\t\t\t\t\t\t<\/div>\n\t\t\t\t<\/div>\n\t\t\t\t\t<\/div>\n\t\t\t\t<\/div>\n\t\t<div class=\"elementor-element elementor-element-4490a8b e-flex e-con-boxed e-con e-parent\" data-id=\"4490a8b\" data-element_type=\"container\" data-e-type=\"container\">\n\t\t\t\t\t<div class=\"e-con-inner\">\n\t\t\t\t<div class=\"elementor-element elementor-element-3001f22 elementor-widget elementor-widget-text-editor\" data-id=\"3001f22\" data-element_type=\"widget\" data-e-type=\"widget\" data-widget_type=\"text-editor.default\">\n\t\t\t\t<div class=\"elementor-widget-container\">\n\t\t\t\t\t\t\t\t\t<p>W\u00e4hrend eines Besuchs im Anne-Frank-Haus folgst du einer festen Route durch das Geb\u00e4ude. Du gehst Schritt f\u00fcr Schritt durch die R\u00e4ume, in denen Anne Frank und ihre Familie gelebt und sich versteckt gehalten haben. Unterwegs kommst du an verschiedenen Teilen des Hauses vorbei:<\/p>\n\t\t\t\t\t\t\t\t<\/div>\n\t\t\t\t<\/div>\n\t\t\t\t\t<\/div>\n\t\t\t\t<\/div>\n\t\t<div class=\"elementor-element elementor-element-dce1d40 e-flex e-con-boxed e-con e-parent\" data-id=\"dce1d40\" data-element_type=\"container\" data-e-type=\"container\">\n\t\t\t\t\t<div class=\"e-con-inner\">\n\t\t\t\t<div class=\"elementor-element elementor-element-d389b63 elementor-widget elementor-widget-heading\" data-id=\"d389b63\" data-element_type=\"widget\" data-e-type=\"widget\" data-widget_type=\"heading.default\">\n\t\t\t\t<div class=\"elementor-widget-container\">\n\t\t\t\t\t<h3 class=\"elementor-heading-title elementor-size-default\">Das Vorderhaus<\/h3>\t\t\t\t<\/div>\n\t\t\t\t<\/div>\n\t\t\t\t\t<\/div>\n\t\t\t\t<\/div>\n\t\t<div class=\"elementor-element elementor-element-2943245 e-flex e-con-boxed e-con e-parent\" data-id=\"2943245\" data-element_type=\"container\" data-e-type=\"container\">\n\t\t\t\t\t<div class=\"e-con-inner\">\n\t\t\t\t<div class=\"elementor-element elementor-element-f246ee1 elementor-widget elementor-widget-text-editor\" data-id=\"f246ee1\" data-element_type=\"widget\" data-e-type=\"widget\" data-widget_type=\"text-editor.default\">\n\t\t\t\t<div class=\"elementor-widget-container\">\n\t\t\t\t\t\t\t\t\t<p>Du beginnst im Vorderhaus. Das ist der Teil, in dem sich fr\u00fcher das Unternehmen von Otto Frank befand. Hier erh\u00e4ltst du mehr Kontext \u00fcber die Familie und die Zeit vor dem Untertauchen. Das hilft dir, die Geschichte besser zu verstehen, bevor du das Hinterhaus betrittst.<\/p>\n\t\t\t\t\t\t\t\t<\/div>\n\t\t\t\t<\/div>\n\t\t\t\t\t<\/div>\n\t\t\t\t<\/div>\n\t\t<div class=\"elementor-element elementor-element-54029fc e-flex e-con-boxed e-con e-parent\" data-id=\"54029fc\" data-element_type=\"container\" data-e-type=\"container\">\n\t\t\t\t\t<div class=\"e-con-inner\">\n\t\t\t\t<div class=\"elementor-element elementor-element-d0cc214 elementor-widget elementor-widget-heading\" data-id=\"d0cc214\" data-element_type=\"widget\" data-e-type=\"widget\" data-widget_type=\"heading.default\">\n\t\t\t\t<div class=\"elementor-widget-container\">\n\t\t\t\t\t<h3 class=\"elementor-heading-title elementor-size-default\">Das Hinterhaus<\/h3>\t\t\t\t<\/div>\n\t\t\t\t<\/div>\n\t\t\t\t\t<\/div>\n\t\t\t\t<\/div>\n\t\t<div class=\"elementor-element elementor-element-e7e86bf e-flex e-con-boxed e-con e-parent\" data-id=\"e7e86bf\" data-element_type=\"container\" data-e-type=\"container\">\n\t\t\t\t\t<div class=\"e-con-inner\">\n\t\t\t\t<div class=\"elementor-element elementor-element-7830b90 elementor-widget elementor-widget-image\" data-id=\"7830b90\" data-element_type=\"widget\" data-e-type=\"widget\" data-widget_type=\"image.default\">\n\t\t\t\t<div class=\"elementor-widget-container\">\n\t\t\t\t\t\t\t\t\t\t\t\t\t\t\t<img decoding=\"async\" width=\"1024\" height=\"572\" src=\"https:\/\/i0.wp.com\/www.citiestotravel.com\/wp-content\/uploads\/2026\/04\/doorgang-achter-de-boekenkast-van-het-Anne-Frank-Huis-scaled.webp?fit=1024%2C572&amp;ssl=1\" class=\"attachment-large size-large wp-image-43598\" alt=\"Durchgang hinter dem B\u00fccherregal im Anne-Frank-Haus\" srcset=\"https:\/\/i0.wp.com\/www.citiestotravel.com\/wp-content\/uploads\/2026\/04\/doorgang-achter-de-boekenkast-van-het-Anne-Frank-Huis-scaled.webp?w=2560&amp;ssl=1 2560w, https:\/\/i0.wp.com\/www.citiestotravel.com\/wp-content\/uploads\/2026\/04\/doorgang-achter-de-boekenkast-van-het-Anne-Frank-Huis-scaled.webp?resize=300%2C168&amp;ssl=1 300w, https:\/\/i0.wp.com\/www.citiestotravel.com\/wp-content\/uploads\/2026\/04\/doorgang-achter-de-boekenkast-van-het-Anne-Frank-Huis-scaled.webp?resize=1024%2C572&amp;ssl=1 1024w, https:\/\/i0.wp.com\/www.citiestotravel.com\/wp-content\/uploads\/2026\/04\/doorgang-achter-de-boekenkast-van-het-Anne-Frank-Huis-scaled.webp?resize=768%2C429&amp;ssl=1 768w, https:\/\/i0.wp.com\/www.citiestotravel.com\/wp-content\/uploads\/2026\/04\/doorgang-achter-de-boekenkast-van-het-Anne-Frank-Huis-scaled.webp?resize=1536%2C859&amp;ssl=1 1536w, https:\/\/i0.wp.com\/www.citiestotravel.com\/wp-content\/uploads\/2026\/04\/doorgang-achter-de-boekenkast-van-het-Anne-Frank-Huis-scaled.webp?resize=2048%2C1145&amp;ssl=1 2048w, https:\/\/i0.wp.com\/www.citiestotravel.com\/wp-content\/uploads\/2026\/04\/doorgang-achter-de-boekenkast-van-het-Anne-Frank-Huis-scaled.webp?w=2280&amp;ssl=1 2280w\" sizes=\"(max-width: 1024px) 100vw, 1024px\" \/>\t\t\t\t\t\t\t\t\t\t\t\t\t\t\t<\/div>\n\t\t\t\t<\/div>\n\t\t\t\t\t<\/div>\n\t\t\t\t<\/div>\n\t\t<div class=\"elementor-element elementor-element-ee76edd e-flex e-con-boxed e-con e-parent\" data-id=\"ee76edd\" data-element_type=\"container\" data-e-type=\"container\">\n\t\t\t\t\t<div class=\"e-con-inner\">\n\t\t\t\t<div class=\"elementor-element elementor-element-2989279 elementor-widget elementor-widget-text-editor\" data-id=\"2989279\" data-element_type=\"widget\" data-e-type=\"widget\" data-widget_type=\"text-editor.default\">\n\t\t\t\t<div class=\"elementor-widget-container\">\n\t\t\t\t\t\t\t\t\t<p>\u00dcber einen schmalen Durchgang hinter einem B\u00fccherregal gelangst du in das Hinterhaus. Dies ist der geheime Bereich, in dem die Familie Frank zusammen mit anderen untergetaucht war. Die R\u00e4ume sind klein und dunkel, was sofort sp\u00fcrbar macht, wie eingeschr\u00e4nkt ihre Lebensumst\u00e4nde waren.<\/p>\n\t\t\t\t\t\t\t\t<\/div>\n\t\t\t\t<\/div>\n\t\t\t\t\t<\/div>\n\t\t\t\t<\/div>\n\t\t<div class=\"elementor-element elementor-element-32cdc46 e-flex e-con-boxed e-con e-parent\" data-id=\"32cdc46\" data-element_type=\"container\" data-e-type=\"container\">\n\t\t\t\t\t<div class=\"e-con-inner\">\n\t\t\t\t<div class=\"elementor-element elementor-element-c946f87 elementor-widget elementor-widget-heading\" data-id=\"c946f87\" data-element_type=\"widget\" data-e-type=\"widget\" data-widget_type=\"heading.default\">\n\t\t\t\t<div class=\"elementor-widget-container\">\n\t\t\t\t\t<h3 class=\"elementor-heading-title elementor-size-default\">Das Zimmer von Anne Frank<\/h3>\t\t\t\t<\/div>\n\t\t\t\t<\/div>\n\t\t\t\t\t<\/div>\n\t\t\t\t<\/div>\n\t\t<div class=\"elementor-element elementor-element-b4febd6 e-flex e-con-boxed e-con e-parent\" data-id=\"b4febd6\" data-element_type=\"container\" data-e-type=\"container\">\n\t\t\t\t\t<div class=\"e-con-inner\">\n\t\t\t\t<div class=\"elementor-element elementor-element-2aed631 elementor-widget elementor-widget-image\" data-id=\"2aed631\" data-element_type=\"widget\" data-e-type=\"widget\" data-widget_type=\"image.default\">\n\t\t\t\t<div class=\"elementor-widget-container\">\n\t\t\t\t\t\t\t\t\t\t\t\t\t\t\t<img loading=\"lazy\" decoding=\"async\" width=\"1024\" height=\"572\" src=\"https:\/\/i0.wp.com\/www.citiestotravel.com\/wp-content\/uploads\/2026\/04\/De-kamer-van-Anne-Frank-in-het-Anne-Frank-museum-scaled.webp?fit=1024%2C572&amp;ssl=1\" class=\"attachment-large size-large wp-image-43599\" alt=\"Das Zimmer von Anne Frank im Anne-Frank-Museum\" srcset=\"https:\/\/i0.wp.com\/www.citiestotravel.com\/wp-content\/uploads\/2026\/04\/De-kamer-van-Anne-Frank-in-het-Anne-Frank-museum-scaled.webp?w=2560&amp;ssl=1 2560w, https:\/\/i0.wp.com\/www.citiestotravel.com\/wp-content\/uploads\/2026\/04\/De-kamer-van-Anne-Frank-in-het-Anne-Frank-museum-scaled.webp?resize=300%2C168&amp;ssl=1 300w, https:\/\/i0.wp.com\/www.citiestotravel.com\/wp-content\/uploads\/2026\/04\/De-kamer-van-Anne-Frank-in-het-Anne-Frank-museum-scaled.webp?resize=1024%2C572&amp;ssl=1 1024w, https:\/\/i0.wp.com\/www.citiestotravel.com\/wp-content\/uploads\/2026\/04\/De-kamer-van-Anne-Frank-in-het-Anne-Frank-museum-scaled.webp?resize=768%2C429&amp;ssl=1 768w, https:\/\/i0.wp.com\/www.citiestotravel.com\/wp-content\/uploads\/2026\/04\/De-kamer-van-Anne-Frank-in-het-Anne-Frank-museum-scaled.webp?resize=1536%2C859&amp;ssl=1 1536w, https:\/\/i0.wp.com\/www.citiestotravel.com\/wp-content\/uploads\/2026\/04\/De-kamer-van-Anne-Frank-in-het-Anne-Frank-museum-scaled.webp?resize=2048%2C1145&amp;ssl=1 2048w, https:\/\/i0.wp.com\/www.citiestotravel.com\/wp-content\/uploads\/2026\/04\/De-kamer-van-Anne-Frank-in-het-Anne-Frank-museum-scaled.webp?w=2280&amp;ssl=1 2280w\" sizes=\"(max-width: 1024px) 100vw, 1024px\" \/>\t\t\t\t\t\t\t\t\t\t\t\t\t\t\t<\/div>\n\t\t\t\t<\/div>\n\t\t\t\t\t<\/div>\n\t\t\t\t<\/div>\n\t\t<div class=\"elementor-element elementor-element-5673967 e-flex e-con-boxed e-con e-parent\" data-id=\"5673967\" data-element_type=\"container\" data-e-type=\"container\">\n\t\t\t\t\t<div class=\"e-con-inner\">\n\t\t\t\t<div class=\"elementor-element elementor-element-cd9b0da elementor-widget elementor-widget-text-editor\" data-id=\"cd9b0da\" data-element_type=\"widget\" data-e-type=\"widget\" data-widget_type=\"text-editor.default\">\n\t\t\t\t<div class=\"elementor-widget-container\">\n\t\t\t\t\t\t\t\t\t<p>Im Zimmer von Anne siehst du noch immer die Fotos und Bilder, die sie selbst an die Wand geklebt hat. Das macht es pers\u00f6nlich. Hier bekommst du ein besseres Bild davon, wer sie war und wie sie versuchte, ihre Welt innerhalb dieses kleinen Raumes etwas gr\u00f6\u00dfer zu machen.<\/p>\n\t\t\t\t\t\t\t\t<\/div>\n\t\t\t\t<\/div>\n\t\t\t\t\t<\/div>\n\t\t\t\t<\/div>\n\t\t<div class=\"elementor-element elementor-element-217fc97 e-flex e-con-boxed e-con e-parent\" data-id=\"217fc97\" data-element_type=\"container\" data-e-type=\"container\">\n\t\t\t\t\t<div class=\"e-con-inner\">\n\t\t\t\t<div class=\"elementor-element elementor-element-cb9ff16 elementor-widget elementor-widget-heading\" data-id=\"cb9ff16\" data-element_type=\"widget\" data-e-type=\"widget\" data-widget_type=\"heading.default\">\n\t\t\t\t<div class=\"elementor-widget-container\">\n\t\t\t\t\t<h3 class=\"elementor-heading-title elementor-size-default\">Der Tagebuchsaal<\/h3>\t\t\t\t<\/div>\n\t\t\t\t<\/div>\n\t\t\t\t\t<\/div>\n\t\t\t\t<\/div>\n\t\t<div class=\"elementor-element elementor-element-bf46876 e-flex e-con-boxed e-con e-parent\" data-id=\"bf46876\" data-element_type=\"container\" data-e-type=\"container\">\n\t\t\t\t\t<div class=\"e-con-inner\">\n\t\t\t\t<div class=\"elementor-element elementor-element-8a82c9f elementor-widget elementor-widget-image\" data-id=\"8a82c9f\" data-element_type=\"widget\" data-e-type=\"widget\" data-widget_type=\"image.default\">\n\t\t\t\t<div class=\"elementor-widget-container\">\n\t\t\t\t\t\t\t\t\t\t\t\t\t\t\t<img loading=\"lazy\" decoding=\"async\" width=\"1024\" height=\"572\" src=\"https:\/\/i0.wp.com\/www.citiestotravel.com\/wp-content\/uploads\/2026\/04\/De-dagboekzaal-in-het-Anne-Frank-Huis-scaled.webp?fit=1024%2C572&amp;ssl=1\" class=\"attachment-large size-large wp-image-43600\" alt=\"Der Tagebuchsaal im Anne-Frank-Haus\" srcset=\"https:\/\/i0.wp.com\/www.citiestotravel.com\/wp-content\/uploads\/2026\/04\/De-dagboekzaal-in-het-Anne-Frank-Huis-scaled.webp?w=2560&amp;ssl=1 2560w, https:\/\/i0.wp.com\/www.citiestotravel.com\/wp-content\/uploads\/2026\/04\/De-dagboekzaal-in-het-Anne-Frank-Huis-scaled.webp?resize=300%2C168&amp;ssl=1 300w, https:\/\/i0.wp.com\/www.citiestotravel.com\/wp-content\/uploads\/2026\/04\/De-dagboekzaal-in-het-Anne-Frank-Huis-scaled.webp?resize=1024%2C572&amp;ssl=1 1024w, https:\/\/i0.wp.com\/www.citiestotravel.com\/wp-content\/uploads\/2026\/04\/De-dagboekzaal-in-het-Anne-Frank-Huis-scaled.webp?resize=768%2C429&amp;ssl=1 768w, https:\/\/i0.wp.com\/www.citiestotravel.com\/wp-content\/uploads\/2026\/04\/De-dagboekzaal-in-het-Anne-Frank-Huis-scaled.webp?resize=1536%2C859&amp;ssl=1 1536w, https:\/\/i0.wp.com\/www.citiestotravel.com\/wp-content\/uploads\/2026\/04\/De-dagboekzaal-in-het-Anne-Frank-Huis-scaled.webp?resize=2048%2C1145&amp;ssl=1 2048w, https:\/\/i0.wp.com\/www.citiestotravel.com\/wp-content\/uploads\/2026\/04\/De-dagboekzaal-in-het-Anne-Frank-Huis-scaled.webp?w=2280&amp;ssl=1 2280w\" sizes=\"(max-width: 1024px) 100vw, 1024px\" \/>\t\t\t\t\t\t\t\t\t\t\t\t\t\t\t<\/div>\n\t\t\t\t<\/div>\n\t\t\t\t\t<\/div>\n\t\t\t\t<\/div>\n\t\t<div class=\"elementor-element elementor-element-bab14ee e-flex e-con-boxed e-con e-parent\" data-id=\"bab14ee\" data-element_type=\"container\" data-e-type=\"container\">\n\t\t\t\t\t<div class=\"e-con-inner\">\n\t\t\t\t<div class=\"elementor-element elementor-element-77a1c65 elementor-widget elementor-widget-text-editor\" data-id=\"77a1c65\" data-element_type=\"widget\" data-e-type=\"widget\" data-widget_type=\"text-editor.default\">\n\t\t\t\t<div class=\"elementor-widget-container\">\n\t\t\t\t\t\t\t\t\t<p>Am Ende deines Besuchs kommst du in den Tagebuchsaal. Hier liegt das Originaltagebuch von Anne Frank. F\u00fcr viele Besucher ist dies der eindrucksvollste Moment, weil die Geschichte hier wirklich zum Leben erwacht.<\/p>\n\t\t\t\t\t\t\t\t<\/div>\n\t\t\t\t<\/div>\n\t\t\t\t\t<\/div>\n\t\t\t\t<\/div>\n\t\t<div class=\"elementor-element elementor-element-64f68d6 e-flex e-con-boxed e-con e-parent\" data-id=\"64f68d6\" data-element_type=\"container\" data-e-type=\"container\">\n\t\t\t\t\t<div class=\"e-con-inner\">\n\t\t\t\t<div class=\"elementor-element elementor-element-ed96741 elementor-widget elementor-widget-heading\" data-id=\"ed96741\" data-element_type=\"widget\" data-e-type=\"widget\" data-widget_type=\"heading.default\">\n\t\t\t\t<div class=\"elementor-widget-container\">\n\t\t\t\t\t<h2 class=\"elementor-heading-title elementor-size-default\">Wo befindet sich das Anne-Frank-Museum in Amsterdam?<\/h2>\t\t\t\t<\/div>\n\t\t\t\t<\/div>\n\t\t\t\t\t<\/div>\n\t\t\t\t<\/div>\n\t\t<div class=\"elementor-element elementor-element-5a21950 e-flex e-con-boxed e-con e-parent\" data-id=\"5a21950\" data-element_type=\"container\" data-e-type=\"container\">\n\t\t\t\t\t<div class=\"e-con-inner\">\n\t\t\t\t<div class=\"elementor-element elementor-element-a01d802 elementor-widget elementor-widget-text-editor\" data-id=\"a01d802\" data-element_type=\"widget\" data-e-type=\"widget\" data-widget_type=\"text-editor.default\">\n\t\t\t\t<div class=\"elementor-widget-container\">\n\t\t\t\t\t\t\t\t\t<p>Das Anne-Frank-Haus liegt im Zentrum von Amsterdam an der Prinsengracht 263\u2013267. Der Eingang des Museums befindet sich um die Ecke, an der Westermarkt 20.<\/p>\n<p>Das Museum liegt direkt neben der Westerkerk und etwa 20 Gehminuten vom Amsterdamer Hauptbahnhof entfernt.<\/p>\n\t\t\t\t\t\t\t\t<\/div>\n\t\t\t\t<\/div>\n\t\t\t\t\t<\/div>\n\t\t\t\t<\/div>\n\t\t<div class=\"elementor-element elementor-element-28b0be7 e-flex e-con-boxed e-con e-parent\" data-id=\"28b0be7\" data-element_type=\"container\" data-e-type=\"container\">\n\t\t\t\t\t<div class=\"e-con-inner\">\n\t\t\t\t<div class=\"elementor-element elementor-element-f37ce7c elementor-widget elementor-widget-google_maps\" data-id=\"f37ce7c\" data-element_type=\"widget\" data-e-type=\"widget\" data-widget_type=\"google_maps.default\">\n\t\t\t\t<div class=\"elementor-widget-container\">\n\t\t\t\t\t\t\t<div class=\"elementor-custom-embed\">\n\t\t\t<iframe loading=\"lazy\"\n\t\t\t\t\tsrc=\"https:\/\/maps.google.com\/maps?q=Anne%20Frank%20Huis%2C%20Amsterdam%2C%20Nederland&#038;t=m&#038;z=14&#038;output=embed&#038;iwloc=near\"\n\t\t\t\t\ttitle=\"Anne Frank Huis, Amsterdam, Nederland\"\n\t\t\t\t\taria-label=\"Anne Frank Huis, Amsterdam, Nederland\"\n\t\t\t><\/iframe>\n\t\t<\/div>\n\t\t\t\t\t\t<\/div>\n\t\t\t\t<\/div>\n\t\t\t\t\t<\/div>\n\t\t\t\t<\/div>\n\t\t<div class=\"elementor-element elementor-element-897ef69 e-flex e-con-boxed e-con e-parent\" data-id=\"897ef69\" data-element_type=\"container\" data-e-type=\"container\">\n\t\t\t\t\t<div class=\"e-con-inner\">\n\t\t\t\t<div class=\"elementor-element elementor-element-254c50b elementor-widget elementor-widget-heading\" data-id=\"254c50b\" data-element_type=\"widget\" data-e-type=\"widget\" data-widget_type=\"heading.default\">\n\t\t\t\t<div class=\"elementor-widget-container\">\n\t\t\t\t\t<h2 class=\"elementor-heading-title elementor-size-default\">Wie kommst du zum Anne-Frank-Museum?<\/h2>\t\t\t\t<\/div>\n\t\t\t\t<\/div>\n\t\t\t\t\t<\/div>\n\t\t\t\t<\/div>\n\t\t<div class=\"elementor-element elementor-element-18b2cfc e-flex e-con-boxed e-con e-parent\" data-id=\"18b2cfc\" data-element_type=\"container\" data-e-type=\"container\">\n\t\t\t\t\t<div class=\"e-con-inner\">\n\t\t\t\t<div class=\"elementor-element elementor-element-9769bea elementor-widget elementor-widget-text-editor\" data-id=\"9769bea\" data-element_type=\"widget\" data-e-type=\"widget\" data-widget_type=\"text-editor.default\">\n\t\t\t\t<div class=\"elementor-widget-container\">\n\t\t\t\t\t\t\t\t\t<p>Vom Amsterdamer Hauptbahnhof aus sind es etwa 20 Gehminuten bis zum Anne-Frank-Haus.<\/p>\n<p>Wenn du mit \u00f6ffentlichen Verkehrsmitteln reist, kannst du die Stra\u00dfenbahn nehmen. Die Linien 13 und 17 halten an der Haltestelle \u201eWestermarkt\u201c, nur wenige Gehminuten vom Museum entfernt.<\/p>\n<p>Eine weitere M\u00f6glichkeit ist, das Museum mit dem Boot zu erreichen. Direkt neben dem Anne-Frank-Haus befindet sich eine Anlegestelle f\u00fcr Grachtenfahrten. Hier halten unter anderem die Hop-on-Hop-off-Boote, und es fahren auch offene Ausflugsboote von beispielsweise Flagship Amsterdam ab. Das ist eine sch\u00f6ne M\u00f6glichkeit, deinen Besuch mit einer <a href=\"https:\/\/www.citiestotravel.com\/de\/grachtenrundfahrt-in-amsterdam-welche-ist-die-beste\/\" target=\"_blank\" rel=\"noopener\">Grachtenrundfahrt<\/a> zu kombinieren.<\/p>\n\t\t\t\t\t\t\t\t<\/div>\n\t\t\t\t<\/div>\n\t\t\t\t\t<\/div>\n\t\t\t\t<\/div>\n\t\t<div class=\"elementor-element elementor-element-1af142c e-flex e-con-boxed e-con e-parent\" data-id=\"1af142c\" data-element_type=\"container\" data-e-type=\"container\">\n\t\t\t\t\t<div class=\"e-con-inner\">\n\t\t\t\t<div class=\"elementor-element elementor-element-6af32e3 elementor-widget elementor-widget-heading\" data-id=\"6af32e3\" data-element_type=\"widget\" data-e-type=\"widget\" data-widget_type=\"heading.default\">\n\t\t\t\t<div class=\"elementor-widget-container\">\n\t\t\t\t\t<h2 class=\"elementor-heading-title elementor-size-default\">Was sind die \u00d6ffnungszeiten des Anne-Frank-Museums?<\/h2>\t\t\t\t<\/div>\n\t\t\t\t<\/div>\n\t\t\t\t\t<\/div>\n\t\t\t\t<\/div>\n\t\t<div class=\"elementor-element elementor-element-803e2f3 e-flex e-con-boxed e-con e-parent\" data-id=\"803e2f3\" data-element_type=\"container\" data-e-type=\"container\">\n\t\t\t\t\t<div class=\"e-con-inner\">\n\t\t\t\t<div class=\"elementor-element elementor-element-65ef298 elementor-widget elementor-widget-text-editor\" data-id=\"65ef298\" data-element_type=\"widget\" data-e-type=\"widget\" data-widget_type=\"text-editor.default\">\n\t\t\t\t<div class=\"elementor-widget-container\">\n\t\t\t\t\t\t\t\t\t<p>Das Anne-Frank-Haus ist t\u00e4glich ge\u00f6ffnet. Von M\u00e4rz bis einschlie\u00dflich Oktober sind die \u00d6ffnungszeiten von 09:00 bis 22:00 Uhr. In der Zeit von November bis einschlie\u00dflich Februar ist das Museum von 09:00 bis 19:00 Uhr ge\u00f6ffnet. W\u00e4hrend der Ferien gelten oft erweiterte \u00d6ffnungszeiten.<\/p>\n<p><strong>Achtung:<\/strong> Tickets k\u00f6nnen nur online reserviert werden und gelten mit einer festen Startzeit. Ohne im Voraus gebuchtes Ticket kannst du das Museum nicht besuchen.<\/p>\n\t\t\t\t\t\t\t\t<\/div>\n\t\t\t\t<\/div>\n\t\t\t\t\t<\/div>\n\t\t\t\t<\/div>\n\t\t<div class=\"elementor-element elementor-element-89dbd40 e-flex e-con-boxed e-con e-parent\" data-id=\"89dbd40\" data-element_type=\"container\" data-e-type=\"container\">\n\t\t\t\t\t<div class=\"e-con-inner\">\n\t\t\t\t<div class=\"elementor-element elementor-element-c1f10cf elementor-widget elementor-widget-heading\" data-id=\"c1f10cf\" data-element_type=\"widget\" data-e-type=\"widget\" data-widget_type=\"heading.default\">\n\t\t\t\t<div class=\"elementor-widget-container\">\n\t\t\t\t\t<h2 class=\"elementor-heading-title elementor-size-default\">Wann kannst du das Anne-Frank-Museum am besten besuchen?<\/h2>\t\t\t\t<\/div>\n\t\t\t\t<\/div>\n\t\t\t\t\t<\/div>\n\t\t\t\t<\/div>\n\t\t<div class=\"elementor-element elementor-element-eea4a17 e-flex e-con-boxed e-con e-parent\" data-id=\"eea4a17\" data-element_type=\"container\" data-e-type=\"container\">\n\t\t\t\t\t<div class=\"e-con-inner\">\n\t\t\t\t<div class=\"elementor-element elementor-element-dcdfaf1 elementor-widget elementor-widget-image\" data-id=\"dcdfaf1\" data-element_type=\"widget\" data-e-type=\"widget\" data-widget_type=\"image.default\">\n\t\t\t\t<div class=\"elementor-widget-container\">\n\t\t\t\t\t\t\t\t\t\t\t\t\t\t\t<img loading=\"lazy\" decoding=\"async\" width=\"1024\" height=\"572\" src=\"https:\/\/i0.wp.com\/www.citiestotravel.com\/wp-content\/uploads\/2026\/04\/wachtrij-bij-het-Anne-Frank-museum-scaled.webp?fit=1024%2C572&amp;ssl=1\" class=\"attachment-large size-large wp-image-43601\" alt=\"Warteschlange beim Anne-Frank-Museum\" srcset=\"https:\/\/i0.wp.com\/www.citiestotravel.com\/wp-content\/uploads\/2026\/04\/wachtrij-bij-het-Anne-Frank-museum-scaled.webp?w=2560&amp;ssl=1 2560w, https:\/\/i0.wp.com\/www.citiestotravel.com\/wp-content\/uploads\/2026\/04\/wachtrij-bij-het-Anne-Frank-museum-scaled.webp?resize=300%2C168&amp;ssl=1 300w, https:\/\/i0.wp.com\/www.citiestotravel.com\/wp-content\/uploads\/2026\/04\/wachtrij-bij-het-Anne-Frank-museum-scaled.webp?resize=1024%2C572&amp;ssl=1 1024w, https:\/\/i0.wp.com\/www.citiestotravel.com\/wp-content\/uploads\/2026\/04\/wachtrij-bij-het-Anne-Frank-museum-scaled.webp?resize=768%2C429&amp;ssl=1 768w, https:\/\/i0.wp.com\/www.citiestotravel.com\/wp-content\/uploads\/2026\/04\/wachtrij-bij-het-Anne-Frank-museum-scaled.webp?resize=1536%2C859&amp;ssl=1 1536w, https:\/\/i0.wp.com\/www.citiestotravel.com\/wp-content\/uploads\/2026\/04\/wachtrij-bij-het-Anne-Frank-museum-scaled.webp?resize=2048%2C1145&amp;ssl=1 2048w, https:\/\/i0.wp.com\/www.citiestotravel.com\/wp-content\/uploads\/2026\/04\/wachtrij-bij-het-Anne-Frank-museum-scaled.webp?w=2280&amp;ssl=1 2280w\" sizes=\"(max-width: 1024px) 100vw, 1024px\" \/>\t\t\t\t\t\t\t\t\t\t\t\t\t\t\t<\/div>\n\t\t\t\t<\/div>\n\t\t\t\t\t<\/div>\n\t\t\t\t<\/div>\n\t\t<div class=\"elementor-element elementor-element-b401915 e-flex e-con-boxed e-con e-parent\" data-id=\"b401915\" data-element_type=\"container\" data-e-type=\"container\">\n\t\t\t\t\t<div class=\"e-con-inner\">\n\t\t\t\t<div class=\"elementor-element elementor-element-f3cf0dc elementor-widget elementor-widget-text-editor\" data-id=\"f3cf0dc\" data-element_type=\"widget\" data-e-type=\"widget\" data-widget_type=\"text-editor.default\">\n\t\t\t\t<div class=\"elementor-widget-container\">\n\t\t\t\t\t\t\t\t\t<p>Das Anne-Frank-Haus besuchst du am besten am fr\u00fchen Morgen, rund um die \u00d6ffnungszeit, oder sp\u00e4ter am Abend. Zu diesen Zeiten ist es meist ruhiger als mitten am Tag.<\/p>\n<p>W\u00e4hle vorzugsweise einen Wochentag. Am Wochenende und w\u00e4hrend der Ferien ist es oft deutlich voller. Wenn du ein Zeitfenster fr\u00fch oder sp\u00e4t am Tag buchst, kannst du den gr\u00f6\u00dften Andrang vermeiden und hast mehr Raum, das Museum in Ruhe zu erleben.<\/p>\n\t\t\t\t\t\t\t\t<\/div>\n\t\t\t\t<\/div>\n\t\t\t\t\t<\/div>\n\t\t\t\t<\/div>\n\t\t<div class=\"elementor-element elementor-element-c61e5b4 e-flex e-con-boxed e-con e-parent\" data-id=\"c61e5b4\" data-element_type=\"container\" data-e-type=\"container\">\n\t\t\t\t\t<div class=\"e-con-inner\">\n\t\t\t\t<div class=\"elementor-element elementor-element-c85546e elementor-widget elementor-widget-heading\" data-id=\"c85546e\" data-element_type=\"widget\" data-e-type=\"widget\" data-widget_type=\"heading.default\">\n\t\t\t\t<div class=\"elementor-widget-container\">\n\t\t\t\t\t<h2 class=\"elementor-heading-title elementor-size-default\">Welche Tickets gibt es f\u00fcr das Anne-Frank-Museum?<\/h2>\t\t\t\t<\/div>\n\t\t\t\t<\/div>\n\t\t\t\t\t<\/div>\n\t\t\t\t<\/div>\n\t\t<div class=\"elementor-element elementor-element-ac1b58f e-flex e-con-boxed e-con e-parent\" data-id=\"ac1b58f\" data-element_type=\"container\" data-e-type=\"container\">\n\t\t\t\t\t<div class=\"e-con-inner\">\n\t\t\t\t<div class=\"elementor-element elementor-element-cb94f63 elementor-widget elementor-widget-text-editor\" data-id=\"cb94f63\" data-element_type=\"widget\" data-e-type=\"widget\" data-widget_type=\"text-editor.default\">\n\t\t\t\t<div class=\"elementor-widget-container\">\n\t\t\t\t\t\t\t\t\t<p>F\u00fcr einen Besuch im Anne-Frank-Haus sind ausschlie\u00dflich Online-Tickets mit einem Zeitfenster \u00fcber die offizielle Website verf\u00fcgbar. Du w\u00e4hlst im Voraus eine Startzeit, zu der du das Museum betreten kannst.<\/p>\n<p>Neben diesen Standardtickets gibt es auch Tickets, bei denen dein Besuch durch zus\u00e4tzliche Erkl\u00e4rungen oder ein Einf\u00fchrungsprogramm erg\u00e4nzt wird.<\/p>\n\t\t\t\t\t\t\t\t<\/div>\n\t\t\t\t<\/div>\n\t\t\t\t\t<\/div>\n\t\t\t\t<\/div>\n\t\t<div class=\"elementor-element elementor-element-4e36d6a e-flex e-con-boxed e-con e-parent\" data-id=\"4e36d6a\" data-element_type=\"container\" data-e-type=\"container\">\n\t\t\t\t\t<div class=\"e-con-inner\">\n\t\t\t\t<div class=\"elementor-element elementor-element-aa70289 elementor-widget elementor-widget-heading\" data-id=\"aa70289\" data-element_type=\"widget\" data-e-type=\"widget\" data-widget_type=\"heading.default\">\n\t\t\t\t<div class=\"elementor-widget-container\">\n\t\t\t\t\t<h3 class=\"elementor-heading-title elementor-size-default\">1. Standard-Eintrittskarten f\u00fcr das Anne-Frank-Museum<\/h3>\t\t\t\t<\/div>\n\t\t\t\t<\/div>\n\t\t\t\t\t<\/div>\n\t\t\t\t<\/div>\n\t\t<div class=\"elementor-element elementor-element-1f61594 e-flex e-con-boxed e-con e-parent\" data-id=\"1f61594\" data-element_type=\"container\" data-e-type=\"container\">\n\t\t\t\t\t<div class=\"e-con-inner\">\n\t\t\t\t<div class=\"elementor-element elementor-element-100f895 elementor-widget elementor-widget-text-editor\" data-id=\"100f895\" data-element_type=\"widget\" data-e-type=\"widget\" data-widget_type=\"text-editor.default\">\n\t\t\t\t<div class=\"elementor-widget-container\">\n\t\t\t\t\t\t\t\t\t<p>F\u00fcr einen Besuch im Anne-Frank-Haus sind ausschlie\u00dflich Online-Tickets mit einem Zeitfenster verf\u00fcgbar.<\/p>\n<p>Neue Tickets werden jeden Dienstag um 10:00 Uhr f\u00fcr einen Besuch sechs Wochen sp\u00e4ter freigegeben. Bitte beachte, dass Tickets oft schnell ausverkauft sind.<\/p>\n\t\t\t\t\t\t\t\t<\/div>\n\t\t\t\t<\/div>\n\t\t\t\t\t<\/div>\n\t\t\t\t<\/div>\n\t\t<div class=\"elementor-element elementor-element-4710cc4 e-flex e-con-boxed e-con e-parent\" data-id=\"4710cc4\" data-element_type=\"container\" data-e-type=\"container\">\n\t\t\t\t\t<div class=\"e-con-inner\">\n\t\t\t\t<div class=\"elementor-element elementor-element-c98c7ba elementor-widget elementor-widget-button\" data-id=\"c98c7ba\" data-element_type=\"widget\" data-e-type=\"widget\" data-widget_type=\"button.default\">\n\t\t\t\t<div class=\"elementor-widget-container\">\n\t\t\t\t\t\t\t\t\t<div class=\"elementor-button-wrapper\">\n\t\t\t\t\t<a class=\"elementor-button elementor-button-link elementor-size-sm\" href=\"https:\/\/www.annefrank.org\/de\/museum\/tickets\/tickets-wahlen\/\" target=\"_blank\">\n\t\t\t\t\t\t<span class=\"elementor-button-content-wrapper\">\n\t\t\t\t\t\t\t\t\t<span class=\"elementor-button-text\">Tickets f\u00fcr das Anne-Frank-Museum in Amsterdam ansehen<\/span>\n\t\t\t\t\t<\/span>\n\t\t\t\t\t<\/a>\n\t\t\t\t<\/div>\n\t\t\t\t\t\t\t\t<\/div>\n\t\t\t\t<\/div>\n\t\t\t\t\t<\/div>\n\t\t\t\t<\/div>\n\t\t<div class=\"elementor-element elementor-element-16b34a7 e-flex e-con-boxed e-con e-parent\" data-id=\"16b34a7\" data-element_type=\"container\" data-e-type=\"container\">\n\t\t\t\t\t<div class=\"e-con-inner\">\n\t\t\t\t<div class=\"elementor-element elementor-element-f38d301 elementor-widget elementor-widget-heading\" data-id=\"f38d301\" data-element_type=\"widget\" data-e-type=\"widget\" data-widget_type=\"heading.default\">\n\t\t\t\t<div class=\"elementor-widget-container\">\n\t\t\t\t\t<h3 class=\"elementor-heading-title elementor-size-default\">2. Eintrittskarten mit Rundgang rund um das Anne-Frank-Museum<\/h3>\t\t\t\t<\/div>\n\t\t\t\t<\/div>\n\t\t\t\t\t<\/div>\n\t\t\t\t<\/div>\n\t\t<div class=\"elementor-element elementor-element-3f48900 e-flex e-con-boxed e-con e-parent\" data-id=\"3f48900\" data-element_type=\"container\" data-e-type=\"container\">\n\t\t\t\t\t<div class=\"e-con-inner\">\n\t\t\t\t<div class=\"elementor-element elementor-element-8272dce elementor-widget elementor-widget-text-editor\" data-id=\"8272dce\" data-element_type=\"widget\" data-e-type=\"widget\" data-widget_type=\"text-editor.default\">\n\t\t\t\t<div class=\"elementor-widget-container\">\n\t\t\t\t\t\t\t\t\t<p>M\u00f6chtest du mehr Hintergrund zum Leben von Anne Frank erfahren, kannst du dich f\u00fcr einen gef\u00fchrten Rundgang in der Umgebung des Anne-Frank-Hauses entscheiden.<\/p>\n<p>W\u00e4hrend dieser Tour erf\u00e4hrst du mehr \u00fcber ihr Leben, aber auch \u00fcber die Geschichte des j\u00fcdischen Viertels und des Zweiten Weltkriegs. Ein Guide gibt zus\u00e4tzliche Einblicke, sodass du ein umfassenderes Bild dieser Zeit bekommst.<\/p>\n\t\t\t\t\t\t\t\t<\/div>\n\t\t\t\t<\/div>\n\t\t\t\t\t<\/div>\n\t\t\t\t<\/div>\n\t\t<div class=\"elementor-element elementor-element-0efaed9 e-flex e-con-boxed e-con e-parent\" data-id=\"0efaed9\" data-element_type=\"container\" data-e-type=\"container\">\n\t\t\t\t\t<div class=\"e-con-inner\">\n\t\t\t\t<div class=\"elementor-element elementor-element-b2a8215 elementor-widget elementor-widget-button\" data-id=\"b2a8215\" data-element_type=\"widget\" data-e-type=\"widget\" data-widget_type=\"button.default\">\n\t\t\t\t<div class=\"elementor-widget-container\">\n\t\t\t\t\t\t\t\t\t<div class=\"elementor-button-wrapper\">\n\t\t\t\t\t<a class=\"elementor-button elementor-button-link elementor-size-sm\" href=\"https:\/\/gyg.me\/t0DpNQ9d\" target=\"_blank\">\n\t\t\t\t\t\t<span class=\"elementor-button-content-wrapper\">\n\t\t\t\t\t\t\t\t\t<span class=\"elementor-button-text\">Tickets f\u00fcr den Rundgang rund um das Anne-Frank-Museum ansehen<\/span>\n\t\t\t\t\t<\/span>\n\t\t\t\t\t<\/a>\n\t\t\t\t<\/div>\n\t\t\t\t\t\t\t\t<\/div>\n\t\t\t\t<\/div>\n\t\t\t\t\t<\/div>\n\t\t\t\t<\/div>\n\t\t<div class=\"elementor-element elementor-element-1ac309b e-flex e-con-boxed e-con e-parent\" data-id=\"1ac309b\" data-element_type=\"container\" data-e-type=\"container\">\n\t\t\t\t\t<div class=\"e-con-inner\">\n\t\t\t\t<div class=\"elementor-element elementor-element-f72e793 elementor-widget elementor-widget-heading\" data-id=\"f72e793\" data-element_type=\"widget\" data-e-type=\"widget\" data-widget_type=\"heading.default\">\n\t\t\t\t<div class=\"elementor-widget-container\">\n\t\t\t\t\t<h2 class=\"elementor-heading-title elementor-size-default\">Praktische Tipps f\u00fcr einen Besuch im Anne-Frank-Museum<\/h2>\t\t\t\t<\/div>\n\t\t\t\t<\/div>\n\t\t\t\t\t<\/div>\n\t\t\t\t<\/div>\n\t\t<div class=\"elementor-element elementor-element-14a27e0 e-flex e-con-boxed e-con e-parent\" data-id=\"14a27e0\" data-element_type=\"container\" data-e-type=\"container\">\n\t\t\t\t\t<div class=\"e-con-inner\">\n\t\t\t\t<div class=\"elementor-element elementor-element-0410fc4 elementor-widget elementor-widget-image\" data-id=\"0410fc4\" data-element_type=\"widget\" data-e-type=\"widget\" data-widget_type=\"image.default\">\n\t\t\t\t<div class=\"elementor-widget-container\">\n\t\t\t\t\t\t\t\t\t\t\t\t\t\t\t<img loading=\"lazy\" decoding=\"async\" width=\"1024\" height=\"572\" src=\"https:\/\/i0.wp.com\/www.citiestotravel.com\/wp-content\/uploads\/2026\/04\/Anne-Frank-museum-scaled.webp?fit=1024%2C572&amp;ssl=1\" class=\"attachment-large size-large wp-image-43602\" alt=\"Anne Frank Museum\" srcset=\"https:\/\/i0.wp.com\/www.citiestotravel.com\/wp-content\/uploads\/2026\/04\/Anne-Frank-museum-scaled.webp?w=2560&amp;ssl=1 2560w, https:\/\/i0.wp.com\/www.citiestotravel.com\/wp-content\/uploads\/2026\/04\/Anne-Frank-museum-scaled.webp?resize=300%2C168&amp;ssl=1 300w, https:\/\/i0.wp.com\/www.citiestotravel.com\/wp-content\/uploads\/2026\/04\/Anne-Frank-museum-scaled.webp?resize=1024%2C572&amp;ssl=1 1024w, https:\/\/i0.wp.com\/www.citiestotravel.com\/wp-content\/uploads\/2026\/04\/Anne-Frank-museum-scaled.webp?resize=768%2C429&amp;ssl=1 768w, https:\/\/i0.wp.com\/www.citiestotravel.com\/wp-content\/uploads\/2026\/04\/Anne-Frank-museum-scaled.webp?resize=1536%2C859&amp;ssl=1 1536w, https:\/\/i0.wp.com\/www.citiestotravel.com\/wp-content\/uploads\/2026\/04\/Anne-Frank-museum-scaled.webp?resize=2048%2C1145&amp;ssl=1 2048w, https:\/\/i0.wp.com\/www.citiestotravel.com\/wp-content\/uploads\/2026\/04\/Anne-Frank-museum-scaled.webp?w=2280&amp;ssl=1 2280w\" sizes=\"(max-width: 1024px) 100vw, 1024px\" \/>\t\t\t\t\t\t\t\t\t\t\t\t\t\t\t<\/div>\n\t\t\t\t<\/div>\n\t\t\t\t\t<\/div>\n\t\t\t\t<\/div>\n\t\t<div class=\"elementor-element elementor-element-d1af535 e-flex e-con-boxed e-con e-parent\" data-id=\"d1af535\" data-element_type=\"container\" data-e-type=\"container\">\n\t\t\t\t\t<div class=\"e-con-inner\">\n\t\t\t\t<div class=\"elementor-element elementor-element-cee36b5 elementor-widget elementor-widget-text-editor\" data-id=\"cee36b5\" data-element_type=\"widget\" data-e-type=\"widget\" data-widget_type=\"text-editor.default\">\n\t\t\t\t<div class=\"elementor-widget-container\">\n\t\t\t\t\t\t\t\t\t<section class=\"text-token-text-primary w-full focus:outline-none [--shadow-height:45px] has-data-writing-block:pointer-events-none has-data-writing-block:-mt-(--shadow-height) has-data-writing-block:pt-(--shadow-height) [&amp;:has([data-writing-block])&gt;*]:pointer-events-auto [content-visibility:auto] supports-[content-visibility:auto]:[contain-intrinsic-size:auto_100lvh] R6Vx5W_threadScrollVars scroll-mb-[calc(var(--scroll-root-safe-area-inset-bottom,0px)+var(--thread-response-height))] scroll-mt-[calc(var(--header-height)+min(200px,max(70px,20svh)))]\" dir=\"auto\" data-turn-id=\"request-69efb0bc-aa5c-8325-b9d5-cc060daf4b92-5\" data-testid=\"conversation-turn-88\" data-scroll-anchor=\"false\" data-turn=\"assistant\">\n<div class=\"text-base my-auto mx-auto pb-10 [--thread-content-margin:var(--thread-content-margin-xs,calc(var(--spacing)*4))] @w-sm\/main:[--thread-content-margin:var(--thread-content-margin-sm,calc(var(--spacing)*6))] @w-lg\/main:[--thread-content-margin:var(--thread-content-margin-lg,calc(var(--spacing)*16))] px-(--thread-content-margin)\">\n<div class=\"[--thread-content-max-width:40rem] @w-lg\/main:[--thread-content-max-width:48rem] mx-auto max-w-(--thread-content-max-width) flex-1 group\/turn-messages focus-visible:outline-hidden relative flex w-full min-w-0 flex-col agent-turn\">\n<div class=\"flex max-w-full flex-col gap-4 grow\">\n<div class=\"min-h-8 text-message relative flex w-full flex-col items-end gap-2 text-start break-words whitespace-normal outline-none keyboard-focused:focus-ring [.text-message+&amp;]:mt-1\" dir=\"auto\" tabindex=\"0\" data-message-author-role=\"assistant\" data-message-id=\"cff04845-b804-4b15-ac8b-8bb675fd9557\" data-message-model-slug=\"gpt-5-3\" data-turn-start-message=\"true\">\n<div class=\"flex w-full flex-col gap-1 empty:hidden\">\n<div class=\"markdown prose dark:prose-invert w-full wrap-break-word light markdown-new-styling\">\n<p data-start=\"0\" data-end=\"53\"><strong>Buche deine Tickets direkt, sobald sie verf\u00fcgbar sind<\/strong><\/p>\n<p data-start=\"55\" data-end=\"229\">Tickets f\u00fcr das Anne-Frank-Haus werden jeden Dienstag um 10:00 Uhr online gestellt. Sie sind oft schnell ausverkauft, besonders in der Hochsaison. Sei also rechtzeitig dabei.<\/p>\n<p data-start=\"231\" data-end=\"266\"><strong>Sorge daf\u00fcr, dass du p\u00fcnktlich bist<\/strong><\/p>\n<p data-start=\"268\" data-end=\"384\">Dein Ticket hat ein festes Zeitfenster. Sei p\u00fcnktlich, denn bei versp\u00e4teter Ankunft kannst du oft nicht mehr hinein.<\/p>\n<p data-start=\"386\" data-end=\"422\"><strong>Gehe m\u00f6glichst fr\u00fch oder sp\u00e4t am Tag<\/strong><\/p>\n<p data-start=\"424\" data-end=\"565\">M\u00f6chtest du den gr\u00f6\u00dften Andrang vermeiden, w\u00e4hle ein Zeitfenster fr\u00fch am Morgen oder sp\u00e4ter am Abend. Mitten am Tag ist es meist am vollsten.<\/p>\n<p data-start=\"567\" data-end=\"604\"><strong>Ber\u00fccksichtige enge R\u00e4ume und Treppen<\/strong><\/p>\n<p data-start=\"606\" data-end=\"758\">Das Museum befindet sich in einem alten Grachtenhaus. Die Treppen sind steil und die R\u00e4ume klein. Das kann schwierig sein, wenn du schlecht zu Fu\u00df bist.<\/p>\n<p data-start=\"760\" data-end=\"791\"><strong>Nimm dir Zeit f\u00fcr deinen Besuch<\/strong><\/p>\n<p data-start=\"793\" data-end=\"946\">Du gehst in deinem eigenen Tempo durch das Museum. Plane ausreichend Zeit ein, damit du alles in Ruhe ansehen und die Informationen gut aufnehmen kannst.<\/p>\n<p data-start=\"948\" data-end=\"1019\"><strong>Kombiniere deinen Besuch mit einem Spaziergang oder einer Grachtenfahrt<\/strong><\/p>\n<p data-start=\"1021\" data-end=\"1179\" data-is-last-node=\"\" data-is-only-node=\"\">In der Umgebung des Anne-Frank-Hauses gibt es viel zu sehen. Ein gef\u00fchrter Spaziergang oder eine Grachtenfahrt kann deinem Besuch zus\u00e4tzliche Tiefe verleihen.<\/p>\n<\/div>\n<\/div>\n<\/div>\n<\/div>\n<\/div>\n<\/div>\n<\/section>\n\t\t\t\t\t\t\t\t<\/div>\n\t\t\t\t<\/div>\n\t\t\t\t\t<\/div>\n\t\t\t\t<\/div>\n\t\t<div class=\"elementor-element elementor-element-4085836 e-flex e-con-boxed e-con e-parent\" data-id=\"4085836\" data-element_type=\"container\" data-e-type=\"container\">\n\t\t\t\t\t<div class=\"e-con-inner\">\n\t\t\t\t<div class=\"elementor-element elementor-element-6c2651c elementor-widget elementor-widget-heading\" data-id=\"6c2651c\" data-element_type=\"widget\" data-e-type=\"widget\" data-widget_type=\"heading.default\">\n\t\t\t\t<div class=\"elementor-widget-container\">\n\t\t\t\t\t<h2 class=\"elementor-heading-title elementor-size-default\">H\u00e4ufig gestellte Fragen zu einem Besuch im Anne-Frank-Museum<\/h2>\t\t\t\t<\/div>\n\t\t\t\t<\/div>\n\t\t\t\t\t<\/div>\n\t\t\t\t<\/div>\n\t\t<div class=\"elementor-element elementor-element-2f19729 e-flex e-con-boxed e-con e-parent\" data-id=\"2f19729\" data-element_type=\"container\" data-e-type=\"container\">\n\t\t\t\t\t<div class=\"e-con-inner\">\n\t\t\t\t<div class=\"elementor-element elementor-element-ae94c59 elementor-widget elementor-widget-image\" data-id=\"ae94c59\" data-element_type=\"widget\" data-e-type=\"widget\" data-widget_type=\"image.default\">\n\t\t\t\t<div class=\"elementor-widget-container\">\n\t\t\t\t\t\t\t\t\t\t\t\t\t\t\t<img loading=\"lazy\" decoding=\"async\" width=\"1024\" height=\"572\" src=\"https:\/\/i0.wp.com\/www.citiestotravel.com\/wp-content\/uploads\/2026\/04\/Anne-Frank-stambeeld-scaled.webp?fit=1024%2C572&amp;ssl=1\" class=\"attachment-large size-large wp-image-43603\" alt=\"Anne-Frank-Standbild\" srcset=\"https:\/\/i0.wp.com\/www.citiestotravel.com\/wp-content\/uploads\/2026\/04\/Anne-Frank-stambeeld-scaled.webp?w=2560&amp;ssl=1 2560w, https:\/\/i0.wp.com\/www.citiestotravel.com\/wp-content\/uploads\/2026\/04\/Anne-Frank-stambeeld-scaled.webp?resize=300%2C168&amp;ssl=1 300w, https:\/\/i0.wp.com\/www.citiestotravel.com\/wp-content\/uploads\/2026\/04\/Anne-Frank-stambeeld-scaled.webp?resize=1024%2C572&amp;ssl=1 1024w, https:\/\/i0.wp.com\/www.citiestotravel.com\/wp-content\/uploads\/2026\/04\/Anne-Frank-stambeeld-scaled.webp?resize=768%2C429&amp;ssl=1 768w, https:\/\/i0.wp.com\/www.citiestotravel.com\/wp-content\/uploads\/2026\/04\/Anne-Frank-stambeeld-scaled.webp?resize=1536%2C859&amp;ssl=1 1536w, https:\/\/i0.wp.com\/www.citiestotravel.com\/wp-content\/uploads\/2026\/04\/Anne-Frank-stambeeld-scaled.webp?resize=2048%2C1145&amp;ssl=1 2048w, https:\/\/i0.wp.com\/www.citiestotravel.com\/wp-content\/uploads\/2026\/04\/Anne-Frank-stambeeld-scaled.webp?w=2280&amp;ssl=1 2280w\" sizes=\"(max-width: 1024px) 100vw, 1024px\" \/>\t\t\t\t\t\t\t\t\t\t\t\t\t\t\t<\/div>\n\t\t\t\t<\/div>\n\t\t\t\t\t<\/div>\n\t\t\t\t<\/div>\n\t\t<div class=\"elementor-element elementor-element-231e62f e-flex e-con-boxed e-con e-parent\" data-id=\"231e62f\" data-element_type=\"container\" data-e-type=\"container\">\n\t\t\t\t\t<div class=\"e-con-inner\">\n\t\t\t\t<div class=\"elementor-element elementor-element-e4999e8 elementor-widget elementor-widget-text-editor\" data-id=\"e4999e8\" data-element_type=\"widget\" data-e-type=\"widget\" data-widget_type=\"text-editor.default\">\n\t\t\t\t<div class=\"elementor-widget-container\">\n\t\t\t\t\t\t\t\t\t<h3>Musst du Tickets im Voraus f\u00fcr das Anne-Frank-Haus reservieren?<\/h3>\n<p>Ja, Tickets k\u00f6nnen nur online \u00fcber die offizielle Website gebucht werden. Ohne im Voraus reserviertes Ticket kannst du das Museum nicht besuchen.<\/p>\n<h3>Wie lange dauert ein Besuch im Anne-Frank-Museum?<\/h3>\n<p>Die meisten Besucher sind etwa 1 bis 1,5 Stunden im Museum. Du gehst die Route in deinem eigenen Tempo.<\/p>\n<h3>Ist das Anne-Frank-Museum f\u00fcr Kinder geeignet?<\/h3>\n<p>Ja, aber das Thema ist schwer. Das Museum empfiehlt ein Mindestalter von etwa 10 Jahren. F\u00fcr j\u00fcngere Kinder kann es sehr eindrucksvoll sein.<\/p>\n<h3>Ist das Anne-Frank-Museum rollstuhlgerecht?<\/h3>\n<p>Das Museum befindet sich in einem historischen Geb\u00e4ude mit engen R\u00e4umen und steilen Treppen. Daher ist nicht alles zug\u00e4nglich. Es gibt angepasste Einrichtungen, aber die vollst\u00e4ndige Barrierefreiheit ist eingeschr\u00e4nkt.<\/p>\n<h3>Darf man im Anne-Frank-Museum fotografieren?<\/h3>\n<p>Nein, Fotografieren und Filmen ist im Inneren nicht erlaubt. Dies dient dazu, die ruhige und respektvolle Atmosph\u00e4re zu bewahren.<\/p>\n<h3>Gibt es eine Audiotour?<\/h3>\n<p>Ja, bei deinem Besuch erh\u00e4ltst du eine Audiotour, die dich durch das Museum f\u00fchrt und zus\u00e4tzliche Erkl\u00e4rungen zu den verschiedenen R\u00e4umen gibt.<\/p>\n\t\t\t\t\t\t\t\t<\/div>\n\t\t\t\t<\/div>\n\t\t\t\t\t<\/div>\n\t\t\t\t<\/div>\n\t\t<div class=\"elementor-element elementor-element-371ffbb e-flex e-con-boxed e-con e-parent\" data-id=\"371ffbb\" data-element_type=\"container\" data-e-type=\"container\">\n\t\t\t\t\t<div class=\"e-con-inner\">\n\t\t\t\t<div class=\"elementor-element elementor-element-9bd3e9a elementor-widget elementor-widget-author-box\" data-id=\"9bd3e9a\" data-element_type=\"widget\" data-e-type=\"widget\" data-widget_type=\"author-box.default\">\n\t\t\t\t<div class=\"elementor-widget-container\">\n\t\t\t\t\t\t\t<div class=\"elementor-author-box\">\n\t\t\t\t\t\t\t<div  class=\"elementor-author-box__avatar\">\n\t\t\t\t\t<img decoding=\"async\" src=\"https:\/\/i0.wp.com\/www.citiestotravel.com\/wp-content\/uploads\/2025\/10\/Cities-to-travel-Edward.webp?fit=289%2C300&#038;ssl=1\" alt=\"Bild von Edward\" loading=\"lazy\">\n\t\t\t\t<\/div>\n\t\t\t\n\t\t\t<div class=\"elementor-author-box__text\">\n\t\t\t\t\t\t\t\t\t<div >\n\t\t\t\t\t\t<h4 class=\"elementor-author-box__name\">\n\t\t\t\t\t\t\tEdward\t\t\t\t\t\t<\/h4>\n\t\t\t\t\t<\/div>\n\t\t\t\t\n\t\t\t\t\t\t\t\t\t<div class=\"elementor-author-box__bio\">\n\t\t\t\t\t\t<p>Hallo, ich bin Edward, ein erfahrener St\u00e4dtetrip-Liebhaber. In den vergangenen Jahren habe ich Dutzende St\u00e4dte in Europa, Skandinavien und Amerika besucht. Auf Cities To Travel teile ich pers\u00f6nliche Erfahrungen und praktische Tipps, um dir bei der Planung deines n\u00e4chsten St\u00e4dtetrips zu helfen. Hast du Fragen? Dann schreib mir gerne eine E-Mail.<\/p>\n\t\t\t\t\t<\/div>\n\t\t\t\t\n\t\t\t\t\t\t\t\t\t<a class=\"elementor-author-box__button elementor-button elementor-size-xs\" href=\"https:\/\/www.citiestotravel.com\/de\/ueber-uns\/\">\n\t\t\t\t\t\tMehr \u00fcber mich\t\t\t\t\t<\/a>\n\t\t\t\t\t\t\t<\/div>\n\t\t<\/div>\n\t\t\t\t\t\t<\/div>\n\t\t\t\t<\/div>\n\t\t\t\t\t<\/div>\n\t\t\t\t<\/div>\n\t\t<div class=\"elementor-element elementor-element-b455640 e-flex e-con-boxed e-con e-parent\" data-id=\"b455640\" data-element_type=\"container\" data-e-type=\"container\">\n\t\t\t\t\t<div class=\"e-con-inner\">\n\t\t\t\t<div class=\"elementor-element elementor-element-668ee94 elementor-widget elementor-widget-heading\" data-id=\"668ee94\" data-element_type=\"widget\" data-e-type=\"widget\" data-widget_type=\"heading.default\">\n\t\t\t\t<div class=\"elementor-widget-container\">\n\t\t\t\t\t<h2 class=\"elementor-heading-title elementor-size-default\">Dies sind die beliebtesten Tickets und Touren f\u00fcr einen Besuch im Anne-Frank-Haus<\/h2>\t\t\t\t<\/div>\n\t\t\t\t<\/div>\n\t\t\t\t\t<\/div>\n\t\t\t\t<\/div>\n\t\t<div class=\"elementor-element elementor-element-7f03340 e-flex e-con-boxed e-con e-parent\" data-id=\"7f03340\" data-element_type=\"container\" data-e-type=\"container\">\n\t\t\t\t\t<div class=\"e-con-inner\">\n\t\t\t\t<div class=\"elementor-element elementor-element-e74e979 elementor-widget elementor-widget-shortcode\" data-id=\"e74e979\" data-element_type=\"widget\" data-e-type=\"widget\" data-widget_type=\"shortcode.default\">\n\t\t\t\t<div class=\"elementor-widget-container\">\n\t\t\t\t\t\t\t<div class=\"elementor-shortcode\"><div data-gyg-href=\"https:\/\/widget.getyourguide.com\/default\/activities.frame\" data-gyg-locale-code=\"de-DE\" data-gyg-widget=\"activities\" data-gyg-number-of-items=\"3\" data-gyg-partner-id=\"9MML7BM\" data-gyg-tour-ids=\"250362,396879,41418\"><span>Powered by <a target=\"_blank\" rel=\"sponsored\" href=\"https:\/\/www.getyourguide.com\/amsterdam-l36\/\">GetYourGuide<\/a><\/span><\/div><\/div>\n\t\t\t\t\t\t<\/div>\n\t\t\t\t<\/div>\n\t\t\t\t\t<\/div>\n\t\t\t\t<\/div>\n\t\t<div class=\"elementor-element elementor-element-e2f67d9 e-flex e-con-boxed e-con e-parent\" data-id=\"e2f67d9\" data-element_type=\"container\" data-e-type=\"container\">\n\t\t\t\t\t<div class=\"e-con-inner\">\n\t\t\t\t<div class=\"elementor-element elementor-element-4bad7ab elementor-widget elementor-widget-text-editor\" data-id=\"4bad7ab\" data-element_type=\"widget\" data-e-type=\"widget\" data-widget_type=\"text-editor.default\">\n\t\t\t\t<div class=\"elementor-widget-container\">\n\t\t\t\t\t\t\t\t\t<p><strong>Haftungsausschluss:<\/strong> Diese Website enth\u00e4lt Affiliate-Links. Wenn du \u00fcber diese Links etwas buchst oder kaufst, erhalte ich m\u00f6glicherweise eine kleine Provision \u2013 ohne zus\u00e4tzliche Kosten f\u00fcr dich. So kann ich Cities To Travel weiterhin betreiben und aktuelle Reisetipps teilen.<\/p>\t\t\t\t\t\t\t\t<\/div>\n\t\t\t\t<\/div>\n\t\t\t\t\t<\/div>\n\t\t\t\t<\/div>\n\t\t\t\t<\/div>\n\t\t","protected":false},"excerpt":{"rendered":"<p>Das Anne-Frank-Haus, oft als Anne-Frank-Museum bezeichnet, ist ein beeindruckendes Museum in Amsterdam. Hier erh\u00e4ltst du einen pers\u00f6nlichen Einblick in das Leben von Anne Frank und ihrer Familie w\u00e4hrend des Zweiten Weltkriegs. Gleichzeitig zeigt das Museum die Folgen der Judenverfolgung, des Antisemitismus und des Lebens im Versteck. In diesem Blog nehme ich dich Schritt f\u00fcr Schritt [&hellip;]<\/p>\n","protected":false},"author":1,"featured_media":43604,"comment_status":"closed","ping_status":"closed","sticky":false,"template":"","format":"standard","meta":{"footnotes":""},"categories":[124],"tags":[],"class_list":["post-43605","post","type-post","status-publish","format-standard","has-post-thumbnail","hentry","category-amsterdam-de"],"aioseo_notices":[],"_links":{"self":[{"href":"https:\/\/www.citiestotravel.com\/de\/wp-json\/wp\/v2\/posts\/43605","targetHints":{"allow":["GET"]}}],"collection":[{"href":"https:\/\/www.citiestotravel.com\/de\/wp-json\/wp\/v2\/posts"}],"about":[{"href":"https:\/\/www.citiestotravel.com\/de\/wp-json\/wp\/v2\/types\/post"}],"author":[{"embeddable":true,"href":"https:\/\/www.citiestotravel.com\/de\/wp-json\/wp\/v2\/users\/1"}],"replies":[{"embeddable":true,"href":"https:\/\/www.citiestotravel.com\/de\/wp-json\/wp\/v2\/comments?post=43605"}],"version-history":[{"count":0,"href":"https:\/\/www.citiestotravel.com\/de\/wp-json\/wp\/v2\/posts\/43605\/revisions"}],"wp:featuredmedia":[{"embeddable":true,"href":"https:\/\/www.citiestotravel.com\/de\/wp-json\/wp\/v2\/media\/43604"}],"wp:attachment":[{"href":"https:\/\/www.citiestotravel.com\/de\/wp-json\/wp\/v2\/media?parent=43605"}],"wp:term":[{"taxonomy":"category","embeddable":true,"href":"https:\/\/www.citiestotravel.com\/de\/wp-json\/wp\/v2\/categories?post=43605"},{"taxonomy":"post_tag","embeddable":true,"href":"https:\/\/www.citiestotravel.com\/de\/wp-json\/wp\/v2\/tags?post=43605"}],"curies":[{"name":"wp","href":"https:\/\/api.w.org\/{rel}","templated":true}]}}